{"id":25888,"date":"2026-04-29T06:00:00","date_gmt":"2026-04-29T10:00:00","guid":{"rendered":"https:\/\/ermdigital.com\/index.php\/2026\/04\/29\/efemerides-del-29-de-abril\/"},"modified":"2026-04-29T06:00:00","modified_gmt":"2026-04-29T10:00:00","slug":"efemerides-del-29-de-abril","status":"publish","type":"post","link":"https:\/\/ermdigital.com\/index.php\/2026\/04\/29\/efemerides-del-29-de-abril\/","title":{"rendered":"Efem\u00e9rides del 29 de abril\u00a0"},"content":{"rendered":"<p><strong>Santo Domingo.-<\/strong>\u00a0Las efem\u00e9rides del 29 de\u00a0<strong><a href=\"https:\/\/deultimominuto.net\/estilo\/efemerides\/efemerides-conmemoraciones-y-celebraciones-de-abril\/\">abril<\/a><\/strong>, est\u00e1n marcadas por importantes acontecimientos hist\u00f3ricos y celebraciones internacionales que dejaron huella en la historia mundial. A continuaci\u00f3n, las principales efem\u00e9rides del 29 de abril:<\/p>\n<ul class=\"wp-block-list\">\n<li><a href=\"https:\/\/deultimominuto.net\/internacionales\/29-de-abril-dia-internacional-de-la-danza-2\/\" data-type=\"post\" data-id=\"330198\">D\u00eda Internacional de la Danza<\/a>.<\/li>\n<li>D\u00eda Internacional de la Inmunolog\u00eda.<\/li>\n<li>D\u00eda Mundial de las Galletas de Avena.<\/li>\n<\/ul>\n<p><strong>Santoral:<\/strong>\u00a0Santa Catalina de Siena. San Pedro.<\/p>\n<h2 class=\"wp-block-heading\"><strong>Nacionales: Efem\u00e9rides del 29 de abril\u00a0<\/strong><\/h2>\n<ul class=\"wp-block-list\">\n<li>1810: La Junta Central de Sevilla expide un decreto para mejorar la colonia de <strong><a href=\"https:\/\/deultimominuto.net\/estilo\/turismo\/provincia-santo-domingo-historia-municipios-y-atractivos\/\" data-type=\"post\" data-id=\"422777\">Santo Domingo<\/a><\/strong>.<\/li>\n<li>1849: El c\u00f3nsul general de Francia en Puerto Pr\u00edncipe rechaza plan de anexi\u00f3n a Francia, solicitado por el presidente Buenaventura B\u00e1ez y diputados.<\/li>\n<li>1852: Ley del Congreso Nacional establece el uso de papel sellado en actos p\u00fablicos.<\/li>\n<li>1876: Ulises Francisco Espaillat jura como presidente de la Rep\u00fablica.<\/li>\n<li>1883: Sale a la luz el peri\u00f3dico <em>La Alborada<\/em> en Santiago, fundado por Eugenio Deschamps.<\/li>\n<li>1900: Regresa a Rep\u00fablica Dominicana el general\u00edsimo M\u00e1ximo G\u00f3mez, recibido en Ban\u00ed.<\/li>\n<li>1963: Juan Bosch promulga la nueva Constituci\u00f3n dominicana.<\/li>\n<li>1965: Coronel Francisco Alberto Caama\u00f1o De\u00f1\u00f3 renuncia a su grado militar y se inscribe en el PRD para ser juramentado presidente.<\/li>\n<li>-Desembarco de 2,500 soldados de EEUU en Rep\u00fablica Dominicana (intervenci\u00f3n militar).<\/li>\n<li>-Es apresado Te\u00f3filo Ortiz (Pata Blanca).<\/li>\n<li>1970: Joaqu\u00edn Balaguer justifica su repostulaci\u00f3n diferenciando continuismo de continuidad.<\/li>\n<li>1995: Inauguraci\u00f3n del Hip\u00f3dromo \u201cV Centenario\u201d por el presidente Balaguer.<\/li>\n<li>2009: Fallece el empresario Fernando Le\u00f3n Asensio en Santiago.<\/li>\n<li>2019: El Tribunal Constitucional dominicano responde a la Corte Interamericana sobre la sentencia <strong><a href=\"https:\/\/tribunalsitestorage.blob.core.windows.net\/media\/15760\/sentencia-tc-0256-14-c.pdf\" data-type=\"link\" data-id=\"https:\/\/tribunalsitestorage.blob.core.windows.net\/media\/15760\/sentencia-tc-0256-14-c.pdf\" target=\"_blank\" rel=\"noopener\">TC-256\/14<\/a><\/strong>.<\/li>\n<li>2021: Diplom\u00e1tico de EE.UU., Robert Thomas, advierte sobre amenazas a derechos humanos (en aparente referencia a China).<\/li>\n<li>2022: Banco Central mantiene la tasa de inter\u00e9s en 5.50 % anual.<\/li>\n<li>2023: Fallece la actriz Monina Sol\u00e1 en Santo Domingo.<\/li>\n<\/ul>\n<h2 class=\"wp-block-heading\"><strong>Internacionales: Efem\u00e9rides del 29 de abril\u00a0<\/strong><\/h2>\n<ul class=\"wp-block-list\">\n<li>1429: Juana de Arco lidera la victoria de Orleans contra los ingleses.<\/li>\n<li>1856: Inglaterra y Rusia firman un tratado de paz.<\/li>\n<li>1863: Nace William Randolph Hearst, editor period\u00edstico norteamericano.<\/li>\n<li>1901: Nace el emperador japon\u00e9s Hirohito.<\/li>\n<li>1946: Inicio del juicio a dirigentes japoneses de la Segunda Guerra Mundial en Tokio.<\/li>\n<li>1986: La URSS admite desastre nuclear de Chernobyl.<\/li>\n<li>1988: Gorbachov recibe al patriarca Pimen de la Iglesia Ortodoxa rusa.<\/li>\n<li>1991: Cicl\u00f3n causa 250,000 muertos en Bangladesh.<\/li>\n<li>1992: Violencia racial en Los \u00c1ngeles tras el veredicto del caso Rodney King.<\/li>\n<li>1997: Entra en vigor el Convenio Internacional sobre Prohibici\u00f3n de Armas Qu\u00edmicas.<\/li>\n<li>1998: En Francia, Roland Dumas procesado por malversaci\u00f3n de fondos.<\/li>\n<li>2005: Reuni\u00f3n hist\u00f3rica entre Hu Jintao y Lien Chan para frenar la independencia de Taiw\u00e1n.<\/li>\n<li>2006: Fidel Castro, Hugo Ch\u00e1vez y Evo Morales firman el \"Tratado de Comercio de los Pueblos\" en La Habana.<\/li>\n<li>2011: Boda del pr\u00edncipe Guillermo y Catherine Middleton en Reino Unido.<\/li>\n<li>2013: Primer ministro de Siria sobrevive a atentado en Damasco.<\/li>\n<li>-Tribunal Constitucional de Bolivia avala postulaci\u00f3n de Evo Morales para un tercer mandato.<\/li>\n<li>2015: Orioles de Baltimore juegan partido sin p\u00fablico por disturbios civiles.<\/li>\n<li>2017: Donald Trump alcanza 100 d\u00edas como presidente de EE.UU.<\/li>\n<li>2019: Renuncia el vicefiscal general de EE.UU., Rod Rosenstein.<\/li>\n<li>2020: Rusia rechaza despliegue de armas nucleares de baja potencia por EE.UU.<\/li>\n<li>2021: Organizaciones chilenas piden a la Corte Penal Internacional juzgar a Sebasti\u00e1n Pi\u00f1era por violaciones de derechos humanos.<\/li>\n<li>2023: Reporte de The Times: Ucrania no estar\u00eda preparada para contraofensiva militar.<\/li>\n<\/ul>\n<h2 class=\"wp-block-heading\"><strong>Nacimientos: Efem\u00e9rides del 29 de abril\u00a0<\/strong><\/h2>\n<div class=\"wp-block-image\">\n<figure class=\"alignright size-large is-resized\"><img loading=\"lazy\" decoding=\"async\" width=\"808\" height=\"1024\" src=\"https:\/\/cdn.deultimominuto.net\/wp-content\/uploads\/2025\/04\/Efemerides-del-29-de-abril--808x1024.jpg\" alt=\"Efem\u00e9rides del 29 de abril\u00a0 - Noticias de hoy en Rep\u00fablica Dominicana | De \u00daltimo Minuto\" class=\"wp-image-469315\" title=\"Efem\u00e9rides del 29 de abril\u00a0 | 1 |\"><figcaption class=\"wp-element-caption\">Hirohito <\/figcaption><\/figure>\n<\/div>\n<ul class=\"wp-block-list\">\n<li>1863: William Randolph Hearst (editor estadounidense).<\/li>\n<li>1901: Hirohito (emperador de Jap\u00f3n).<\/li>\n<li>2003: Maud Ang\u00e9lica Behn, hija mayor de la princesa Marta Luisa de Noruega y su exmarido, el escritor Ari Behn.<\/li>\n<\/ul>\n<h2 class=\"wp-block-heading\"><strong>Fallecimientos: Efem\u00e9rides del 29 de abril\u00a0<\/strong><\/h2>\n<div class=\"wp-block-image\">\n<figure class=\"alignright size-full is-resized\"><img loading=\"lazy\" decoding=\"async\" width=\"950\" height=\"465\" src=\"https:\/\/cdn.deultimominuto.net\/wp-content\/uploads\/2025\/04\/Efemerides-del-29-de-abril-.jpeg\" alt=\"Efem\u00e9rides del 29 de abril\u00a0 - Noticias de hoy en Rep\u00fablica Dominicana | De \u00daltimo Minuto\" class=\"wp-image-469317\" title=\"Efem\u00e9rides del 29 de abril\u00a0 | 2 |\"><figcaption class=\"wp-element-caption\">Monina Sol\u00e1<\/figcaption><\/figure>\n<\/div>\n<ul class=\"wp-block-list\">\n<li>1945: Hermann Fegelein, general de divisi\u00f3n (Gruppenf\u00fchrer) de las SS nazis.<\/li>\n<li>2009: Fernando Le\u00f3n Asensio (empresario dominicano).<\/li>\n<li>2012: Ervin Z\u00e1dor, waterpolista h\u00fangaro.<\/li>\n<li>2020: Guido M\u00fcnch, astrof\u00edsico mexicano.<\/li>\n<li>2023: Monina Sol\u00e1 (actriz dominicana).<\/li>\n<\/ul>\n<p>\u200bSanto Domingo.-\u00a0Las efem\u00e9rides del 29 de\u00a0abril, est\u00e1n marcadas por importantes acontecimientos hist\u00f3ricos y celebraciones internacionales que dejaron huella en la historia mundial. A continuaci\u00f3n, las principales efem\u00e9rides del 29 de abril: Santoral:\u00a0Santa Catalina de Siena. San Pedro. Nacionales: Efem\u00e9rides del 29 de abril\u00a0 Internacionales: Efem\u00e9rides del 29 de abril\u00a0 Nacimientos: Efem\u00e9rides del 29 de abril\u00a0\u00a0\u00a0Efem\u00e9rides, efem\u00e9rides, Rep\u00fablica Dominicana\u00a0\u00a0<\/p>\n","protected":false},"excerpt":{"rendered":"<p>Santo Domingo.-\u00a0Las efem\u00e9rides del 29 de\u00a0abril, est\u00e1n marcadas por importantes acontecimientos hist\u00f3ricos y celebraciones internacionales que dejaron huella en la historia mundial. A continuaci\u00f3n, las principales efem\u00e9rides del 29 de abril: D\u00eda Internacional de la Danza. D\u00eda Internacional de la Inmunolog\u00eda. D\u00eda Mundial de las Galletas de Avena. Santoral:\u00a0Santa Catalina de Siena. San Pedro. Nacionales: [&hellip;]<\/p>\n","protected":false},"author":1,"featured_media":25889,"comment_status":"open","ping_status":"open","sticky":false,"template":"","format":"standard","meta":{"amp_status":"","footnotes":""},"categories":[3],"tags":[],"class_list":["post-25888","post","type-post","status-publish","format-standard","has-post-thumbnail","hentry","category-de-ultimo-minuto"],"_links":{"self":[{"href":"https:\/\/ermdigital.com\/index.php\/wp-json\/wp\/v2\/posts\/25888","targetHints":{"allow":["GET"]}}],"collection":[{"href":"https:\/\/ermdigital.com\/index.php\/wp-json\/wp\/v2\/posts"}],"about":[{"href":"https:\/\/ermdigital.com\/index.php\/wp-json\/wp\/v2\/types\/post"}],"author":[{"embeddable":true,"href":"https:\/\/ermdigital.com\/index.php\/wp-json\/wp\/v2\/users\/1"}],"replies":[{"embeddable":true,"href":"https:\/\/ermdigital.com\/index.php\/wp-json\/wp\/v2\/comments?post=25888"}],"version-history":[{"count":0,"href":"https:\/\/ermdigital.com\/index.php\/wp-json\/wp\/v2\/posts\/25888\/revisions"}],"wp:featuredmedia":[{"embeddable":true,"href":"https:\/\/ermdigital.com\/index.php\/wp-json\/wp\/v2\/media\/25889"}],"wp:attachment":[{"href":"https:\/\/ermdigital.com\/index.php\/wp-json\/wp\/v2\/media?parent=25888"}],"wp:term":[{"taxonomy":"category","embeddable":true,"href":"https:\/\/ermdigital.com\/index.php\/wp-json\/wp\/v2\/categories?post=25888"},{"taxonomy":"post_tag","embeddable":true,"href":"https:\/\/ermdigital.com\/index.php\/wp-json\/wp\/v2\/tags?post=25888"}],"curies":[{"name":"wp","href":"https:\/\/api.w.org\/{rel}","templated":true}]}}