{"id":25886,"date":"2026-04-29T06:15:00","date_gmt":"2026-04-29T10:15:00","guid":{"rendered":"https:\/\/ermdigital.com\/index.php\/2026\/04\/29\/29-de-abril-dia-internacional-de-la-danza\/"},"modified":"2026-04-29T06:15:00","modified_gmt":"2026-04-29T10:15:00","slug":"29-de-abril-dia-internacional-de-la-danza","status":"publish","type":"post","link":"https:\/\/ermdigital.com\/index.php\/2026\/04\/29\/29-de-abril-dia-internacional-de-la-danza\/","title":{"rendered":"29 de abril: D\u00eda Internacional de la Danza"},"content":{"rendered":"<p>En 1982, por iniciativa del Comit\u00e9 Internacional de <a href=\"https:\/\/deultimominuto.net\/primero-india-ahora-estados-unidos-esta-cubriendo-sus-canales-de-riego-con-millones-de-paneles-solares\/\">Danza<\/a>, fue proclamado por la\u00a0<a href=\"https:\/\/deultimominuto.net\/primero-india-ahora-estados-unidos-esta-cubriendo-sus-canales-de-riego-con-millones-de-paneles-solares\/\"><em>UNESCO<\/em>\u00a0<\/a>el 29 de abril como\u00a0<strong>D\u00eda Internacional de la Danza<\/strong>. La fecha escogida corresponde al natalicio del bailar\u00edn y core\u00f3grafo\u00a0<em>Jean-Georges Noverre<\/em>.<\/p>\n<h3 class=\"wp-block-heading\"><strong>\u00bfPor qu\u00e9 se celebra el D\u00eda Internacional de la Danza?<\/strong><\/h3>\n<p>El objetivo del\u00a0<strong>D\u00eda Internacional de la Danza<\/strong>\u00a0es homenajear a la danza como una disciplina de arte universal y diversa, reuniendo a todos los que han elegido esta forma de expresi\u00f3n sin barreras culturales, pol\u00edticas y \u00e9ticas.<\/p>\n<h3 class=\"wp-block-heading\"><strong>Te podr\u00eda interesar: <a href=\"https:\/\/deultimominuto.net\/bellas-artes-celebrara-el-dia-internacional-de-la-danza-con-danza-viva\/\">Bellas Artes celebrar\u00e1 el D\u00eda Internacional de la Danza con\u00a0\u00abDanza Viva\u00bb<\/a><\/strong><\/h3>\n<h3 class=\"wp-block-heading\"><strong>\u00bfQu\u00e9 es la danza?<\/strong><\/h3>\n<p>A trav\u00e9s de movimientos corporales, los seres humanos se han expresado y comunicado desde tiempos ancestrales. La danza es, entonces, una forma de expresi\u00f3n y de interacci\u00f3n social acompa\u00f1ada de ritmos ac\u00fasticos, con fines de entretenimiento, art\u00edsticos, culturales y religiosos.<\/p>\n<p>Es igualmente conocida como el\u00a0<em>\"<strong>lenguaje del cuerpo<\/strong>\"<\/em>, siendo una expresi\u00f3n de emociones que comunican sentimientos a trav\u00e9s de los movimientos.<\/p>\n<p>En la actualidad se destacan diversos estilos y g\u00e9neros, que van de lo <a href=\"https:\/\/deultimominuto.net\/primero-india-ahora-estados-unidos-esta-cubriendo-sus-canales-de-riego-con-millones-de-paneles-solares\/\">tradicional y acad\u00e9mico<\/a> a lo cotidiano, de acuerdo a las diferentes culturas. Mencionamos algunos de ellos:<\/p>\n<ul class=\"wp-block-list\">\n<li><em><strong>Danza popular o folkl\u00f3rica:<\/strong><\/em>\u00a0expresan los valores y tradiciones culturales de una localidad, tales como\u00a0<em>el flamenco,la danza \u00e1rabe, el tango y los bailes de sal\u00f3n<\/em>.<\/li>\n<li><em><strong>Danza cl\u00e1sica:<\/strong><\/em>\u00a0corresponden a la ejecuci\u00f3n de movimientos arm\u00f3nicos y coordinados, provenientes del per\u00edodo cl\u00e1sico de la antiguedad medieval:\u00a0<em>danza ballet.<\/em><\/li>\n<li><em><strong>Danza moderna:<\/strong><\/em>\u00a0sus movimientos y vestimenta reflejan una identidad social:<em>\u00a0popping, funky, break dance, jumpstyle, hip hop.<\/em><\/li>\n<\/ul>\n<p><strong>Todo estilo y g\u00e9nero de danza debe contar con los siguientes elementos:<\/strong><\/p>\n<ul class=\"wp-block-list\">\n<li><strong><em>Espacio:\u00a0<\/em><\/strong>selecci\u00f3n de un espacio f\u00edsico adecuado para la ejecuci\u00f3n de entrenamientos y presentaciones.<\/li>\n<li><strong><em>Coreograf\u00eda:<\/em><\/strong>\u00a0basada en la coordinaci\u00f3n de movimientos corporales para formar un baile, bajo la direcci\u00f3n de un core\u00f3grafo.<\/li>\n<li><em><strong>Entrenamiento:\u00a0<\/strong><\/em>mediante el estudio y la opr\u00e1ctica continua para lograr una \u00f3ptima ejecuci\u00f3n de la coreograf\u00eda.<\/li>\n<li><em><strong>Vestimenta:<\/strong><\/em>\u00a0ropa y accesorios adecuados al estilo y g\u00e9nero de la danza.<\/li>\n<\/ul>\n<h3 class=\"wp-block-heading\"><strong>Un d\u00eda para la danza<\/strong><\/h3>\n<p>En 1982, el Comit\u00e9 Internacional de Danza, perteneciente al <strong>Instituto Internacional de Teatro<\/strong>, tom\u00f3 la sugerencia del maestro ruso Piepor Gusev de crear un d\u00eda para esta manifestaci\u00f3n art\u00edstica.<\/p>\n<p>En atenci\u00f3n a esta solicitud, la Unesco eligi\u00f3 el 29 de abril como fecha de esta celebraci\u00f3n.<\/p>\n<p>Con ello se pretende fomentar la participaci\u00f3n y la atenci\u00f3n de la opini\u00f3n p\u00fablica sobre la importancia del arte y la cultura de la danza. Se busca masificar los eventos a nivel mundial, superando barreras pol\u00edticas, geogr\u00e1ficas y culturales.<\/p>\n<p>\u200bEn 1982, por iniciativa del Comit\u00e9 Internacional de Danza, fue proclamado por la\u00a0UNESCO\u00a0el 29 de abril como\u00a0D\u00eda Internacional de la Danza. La fecha escogida corresponde al natalicio del bailar\u00edn y core\u00f3grafo\u00a0Jean-Georges Noverre. \u00bfPor qu\u00e9 se celebra el D\u00eda Internacional de la Danza? El objetivo del\u00a0D\u00eda Internacional de la Danza\u00a0es homenajear a la danza como una\u00a0\u00a0Efem\u00e9rides, Arte, Baile, Danza, Unesco\u00a0\u00a0<\/p>\n","protected":false},"excerpt":{"rendered":"<p>En 1982, por iniciativa del Comit\u00e9 Internacional de Danza, fue proclamado por la\u00a0UNESCO\u00a0el 29 de abril como\u00a0D\u00eda Internacional de la Danza. La fecha escogida corresponde al natalicio del bailar\u00edn y core\u00f3grafo\u00a0Jean-Georges Noverre. \u00bfPor qu\u00e9 se celebra el D\u00eda Internacional de la Danza? El objetivo del\u00a0D\u00eda Internacional de la Danza\u00a0es homenajear a la danza como una [&hellip;]<\/p>\n","protected":false},"author":1,"featured_media":25887,"comment_status":"open","ping_status":"open","sticky":false,"template":"","format":"standard","meta":{"amp_status":"","footnotes":""},"categories":[3],"tags":[],"class_list":["post-25886","post","type-post","status-publish","format-standard","has-post-thumbnail","hentry","category-de-ultimo-minuto"],"_links":{"self":[{"href":"https:\/\/ermdigital.com\/index.php\/wp-json\/wp\/v2\/posts\/25886","targetHints":{"allow":["GET"]}}],"collection":[{"href":"https:\/\/ermdigital.com\/index.php\/wp-json\/wp\/v2\/posts"}],"about":[{"href":"https:\/\/ermdigital.com\/index.php\/wp-json\/wp\/v2\/types\/post"}],"author":[{"embeddable":true,"href":"https:\/\/ermdigital.com\/index.php\/wp-json\/wp\/v2\/users\/1"}],"replies":[{"embeddable":true,"href":"https:\/\/ermdigital.com\/index.php\/wp-json\/wp\/v2\/comments?post=25886"}],"version-history":[{"count":0,"href":"https:\/\/ermdigital.com\/index.php\/wp-json\/wp\/v2\/posts\/25886\/revisions"}],"wp:featuredmedia":[{"embeddable":true,"href":"https:\/\/ermdigital.com\/index.php\/wp-json\/wp\/v2\/media\/25887"}],"wp:attachment":[{"href":"https:\/\/ermdigital.com\/index.php\/wp-json\/wp\/v2\/media?parent=25886"}],"wp:term":[{"taxonomy":"category","embeddable":true,"href":"https:\/\/ermdigital.com\/index.php\/wp-json\/wp\/v2\/categories?post=25886"},{"taxonomy":"post_tag","embeddable":true,"href":"https:\/\/ermdigital.com\/index.php\/wp-json\/wp\/v2\/tags?post=25886"}],"curies":[{"name":"wp","href":"https:\/\/api.w.org\/{rel}","templated":true}]}}