{"id":25876,"date":"2026-04-29T01:21:47","date_gmt":"2026-04-29T05:21:47","guid":{"rendered":"https:\/\/ermdigital.com\/index.php\/2026\/04\/29\/mlb-fernando-tatis-jr-pierde-elevacion-en-su-ofensiva\/"},"modified":"2026-04-29T01:21:47","modified_gmt":"2026-04-29T05:21:47","slug":"mlb-fernando-tatis-jr-pierde-elevacion-en-su-ofensiva","status":"publish","type":"post","link":"https:\/\/ermdigital.com\/index.php\/2026\/04\/29\/mlb-fernando-tatis-jr-pierde-elevacion-en-su-ofensiva\/","title":{"rendered":"MLB: Fernando Tatis Jr. pierde elevaci\u00f3n en su ofensiva"},"content":{"rendered":"<p>\u00a0\u00a0<\/p>\n<p>La <strong>sequ\u00eda de poder<\/strong> de <strong>Fernando Tatis Jr.<\/strong> ha comenzado a convertirse en una de las historias m\u00e1s llamativas del arranque de la temporada 2026 de <strong>MLB<\/strong>.<\/p>\n<p>El estelar <strong>jardinero de los Padres<\/strong> inici\u00f3 la jornada de ayer <strong>sin conectar cuadrangular<\/strong> desde el 28 de septiembre de 2025 y actualmente atraviesa la racha m\u00e1s extensa de su carrera sin volarse la verja en las <strong>Grandes Ligas<\/strong>, con <strong>29 partidos<\/strong>.<\/p>\n<p>En ese tramo acumula <strong>125 apariciones al bate<\/strong> <strong>sin jonr\u00f3n<\/strong>, acerc\u00e1ndose peligrosamente a su peor seguidilla reciente, cuando entre el 25 de julio y el 24 de agosto de 2025 registr\u00f3 <strong>132 apariciones<\/strong> sin desaparecer la pelota.<\/p>\n<p>M\u00e1s revelador a\u00fan es el contexto: cinco de las seis rachas m\u00e1s largas sin cuadrangular en la carrera de \"El Bebo\" han ocurrido desde el 21 de abril de 2025, lo que sugiere una <strong>tendencia sostenida<\/strong> y no un simple bache pasajero.<\/p>\n<p>Al inicio de la jornada de ayer, presenta una l\u00ednea ofensiva de <strong>.257\/.336\/.295<\/strong> en <strong>28 partidos<\/strong>, con siete bases robadas, cuatro dobles y 12 carreras impulsadas.<\/p>\n<h2>Un OPS muy bajo<\/h2>\n<p>Su <strong>OPS de .631<\/strong> y <strong>OPS+ de 78<\/strong> reflejan un rendimiento muy por debajo del promedio de la liga, una ca\u00edda notable para un jugador que registr\u00f3 OPS de .969 (2019), .937 (2020) y .975 (2021), antes de su suspensi\u00f3n por uso de sustancias prohibidas en 2022. <\/p>\n<p>Desde entonces, su producci\u00f3n ha mostrado altibajos: <strong>.770 en 2023<\/strong>, .833 en 2024 y <strong>.814 en 2025<\/strong>.<\/p>\n<h2>Posibles causas<\/h2>\n<p>Las posibles causas de esta <strong>sequ\u00eda de poder<\/strong> parecen estar m\u00e1s ligadas a su <strong>perfil de contacto<\/strong> que a una falta de fuerza.\u00a0<\/p>\n<p>De hecho, Tatis conecta la pelota con m\u00e1s autoridad que nunca: el 67.1 % de sus batazos supera las 95 millas por hora, el porcentaje m\u00e1s alto de su carrera. Sin embargo, esa potencia no se est\u00e1 traduciendo en extrabases, y la raz\u00f3n principal parece estar en el \u00e1ngulo de salida.<\/p>\n<p>La mitad de sus conexiones en 2026 <strong>han sido rodados<\/strong>, el porcentaje m\u00e1s elevado de su trayectoria, mientras que apenas un 26.9 % han sido elevados, su marca m\u00e1s baja dice Savant. En otras palabras, golpea fuerte, pero hacia el suelo, algo letal para la producci\u00f3n de cuadrangulares.<\/p>\n<div class=\"w-full pt-2 float-left inside-related\"><strong>RELACIONADAS<\/strong><\/p>\n<article class=\"flex flex-wrap border-b pb-4 mb-3 inline-block\">\n<div class=\"xl:w-2\/12 w-4\/12\">\n<figure class=\"mb-0\"><img loading=\"lazy\" decoding=\"async\" src=\"https:\/\/resources.diariolibre.com\/images\/2026\/04\/22\/luis-garcia-el-barbero-que-regreso-al-beisbol-y-esta-con-decimo-club-3dae6f20-focus-0-0-149-99.jpg\" width=\"149\" height=\"99\" title=\"Luis Garc\u00eda, el barbero que regres\u00f3 al b\u00e9isbol y lanzar\u00e1 para un d\u00e9cimo equipo en la MLB\" alt=\"Luis Garc\u00eda, el barbero que regres\u00f3 al b\u00e9isbol y lanzar\u00e1 para un d\u00e9cimo equipo en la MLB\" class=\"object-cover\" \/><\/figure>\n<\/div>\n<\/article>\n<article class=\"flex flex-wrap border-b pb-4 mb-3 inline-block\">\n<div class=\"xl:w-2\/12 w-4\/12\">\n<figure class=\"mb-0\"><img loading=\"lazy\" decoding=\"async\" src=\"https:\/\/resources.diariolibre.com\/images\/2026\/04\/23\/mlb-international-showcase-2026-reune-talento-global-en-el-pais-a248adf8-focus-0-0-149-99.jpg\" width=\"149\" height=\"99\" title=\"MLB International Showcase 2026 re\u00fane talento global en RD\" alt=\"MLB International Showcase 2026 re\u00fane talento global en RD\" class=\"object-cover\" \/><\/figure>\n<\/div>\n<\/article>\n<article class=\"flex flex-wrap border-b pb-4 mb-3 inline-block\">\n<div class=\"xl:w-2\/12 w-4\/12\">\n<figure class=\"mb-0\"><img loading=\"lazy\" decoding=\"async\" src=\"https:\/\/resources.diariolibre.com\/images\/2026\/04\/28\/mlb-el-pitcheo-con-soriano-al-frente-saca-cara-por-rd-primer-mes-56bce6af-focus-0.03-0.59-149-99.jpg\" width=\"149\" height=\"99\" title=\"El pitcheo, con Soriano al frente, saca la cara por RD en el primer mes de MLB\" alt=\"El pitcheo, con Soriano al frente, saca la cara por RD en el primer mes de MLB\" class=\"object-cover\" \/><\/figure>\n<\/div>\n<\/article>\n<\/div>\n<p>Adem\u00e1s, su distribuci\u00f3n de contacto tambi\u00e9n ha cambiado. Est\u00e1 utilizando m\u00e1s la banda contraria que nunca (<strong>34.2 %<\/strong>), mientras que sus batazos hacia su lado natural han ca\u00eddo a un 27.8 %, otro m\u00ednimo en su carrera. <\/p>\n<p>A esto se suman los <strong>30 ponches<\/strong>, una frecuencia que limita a\u00fan m\u00e1s sus oportunidades de <strong>producir da\u00f1o<\/strong> consistentemente.<\/p>\n<div class=\"border-t border-b py-2 my-5 tags-container\"><strong>TEMAS &#8211; <\/strong><\/p>\n<ul>\n<li><\/li>\n<li>\n<div class=\"inline-block border p-2 rounded-full align-middle\">\n<p><a href=\"https:\/\/www.diariolibre.com\/tags\/grandes-ligas\/268\" title=\"Grandes Ligas\">Grandes Ligas<\/a><\/p>\n<\/div>\n<\/li>\n<li>\n<div class=\"inline-block border p-2 rounded-full align-middle\">\n<p><a href=\"https:\/\/www.diariolibre.com\/tags\/fernando-tatis-jr\/449\" title=\"Fernando Tatis Jr.\">Fernando Tatis Jr.<\/a><\/p>\n<\/div>\n<\/li>\n<li>\n<div class=\"inline-block border p-2 rounded-full align-middle\">\n<p><a href=\"https:\/\/www.diariolibre.com\/tags\/padres-de-san-diego\/447\" title=\"Padres de San Diego\">Padres de San Diego<\/a><\/p>\n<\/div>\n<\/li>\n<\/ul>\n<\/div>\n<p>\u00a0<\/p>\n","protected":false},"excerpt":{"rendered":"<p>\u00a0\u00a0 La sequ\u00eda de poder de Fernando Tatis Jr. ha comenzado a convertirse en una de las historias m\u00e1s llamativas del arranque de la temporada 2026 de MLB. El estelar jardinero de los Padres inici\u00f3 la jornada de ayer sin conectar cuadrangular desde el 28 de septiembre de 2025 y actualmente atraviesa la racha m\u00e1s [&hellip;]<\/p>\n","protected":false},"author":1,"featured_media":25877,"comment_status":"open","ping_status":"open","sticky":false,"template":"","format":"standard","meta":{"amp_status":"","footnotes":""},"categories":[4],"tags":[],"class_list":["post-25876","post","type-post","status-publish","format-standard","has-post-thumbnail","hentry","category-deportes"],"_links":{"self":[{"href":"https:\/\/ermdigital.com\/index.php\/wp-json\/wp\/v2\/posts\/25876","targetHints":{"allow":["GET"]}}],"collection":[{"href":"https:\/\/ermdigital.com\/index.php\/wp-json\/wp\/v2\/posts"}],"about":[{"href":"https:\/\/ermdigital.com\/index.php\/wp-json\/wp\/v2\/types\/post"}],"author":[{"embeddable":true,"href":"https:\/\/ermdigital.com\/index.php\/wp-json\/wp\/v2\/users\/1"}],"replies":[{"embeddable":true,"href":"https:\/\/ermdigital.com\/index.php\/wp-json\/wp\/v2\/comments?post=25876"}],"version-history":[{"count":0,"href":"https:\/\/ermdigital.com\/index.php\/wp-json\/wp\/v2\/posts\/25876\/revisions"}],"wp:featuredmedia":[{"embeddable":true,"href":"https:\/\/ermdigital.com\/index.php\/wp-json\/wp\/v2\/media\/25877"}],"wp:attachment":[{"href":"https:\/\/ermdigital.com\/index.php\/wp-json\/wp\/v2\/media?parent=25876"}],"wp:term":[{"taxonomy":"category","embeddable":true,"href":"https:\/\/ermdigital.com\/index.php\/wp-json\/wp\/v2\/categories?post=25876"},{"taxonomy":"post_tag","embeddable":true,"href":"https:\/\/ermdigital.com\/index.php\/wp-json\/wp\/v2\/tags?post=25876"}],"curies":[{"name":"wp","href":"https:\/\/api.w.org\/{rel}","templated":true}]}}