{"id":25865,"date":"2026-04-29T00:00:00","date_gmt":"2026-04-29T04:00:00","guid":{"rendered":"https:\/\/ermdigital.com\/index.php\/2026\/04\/29\/posponen-busqueda-de-nino-en-rio-yaque-del-norte\/"},"modified":"2026-04-29T00:00:00","modified_gmt":"2026-04-29T04:00:00","slug":"posponen-busqueda-de-nino-en-rio-yaque-del-norte","status":"publish","type":"post","link":"https:\/\/ermdigital.com\/index.php\/2026\/04\/29\/posponen-busqueda-de-nino-en-rio-yaque-del-norte\/","title":{"rendered":"Posponen b\u00fasqueda de ni\u00f1o en r\u00edo Yaque del Norte\u00a0"},"content":{"rendered":"<p>&lt;![CDATA[<\/p>\n<p>Las autoridades de rescate suspendieron de manera temporal la b\u00fasqueda de un ni\u00f1o de dos a\u00f1os que habr\u00eda sido arrastrado por las aguas del r\u00edo Yaque del Norte, luego de que, seg\u00fan versiones preliminares, su madre se lanzara con \u00e9l desde el puente General Benito Monci\u00f3n, en la provincia Monte Cristi.<\/p>\n<p><a href=\"https:\/\/listindiario.com\/la-republica\/provincias\/20260429\/suspenden-busqueda-nino-rio-yaque-norte_903651.html\">wf_cms.rss.read_more<\/a><\/p>\n<p>]]&gt;<\/p>\n<p>\u200bDe acuerdo con informaciones ofrecidas por las autoridades, la joven presenta aparentes problemas de salud mental, una condici\u00f3n que, seg\u00fan familiares, requer\u00eda tratamiento m\u00e9dico constante.\u00a0\u00a0Provincias\u00a0<\/p>\n","protected":false},"excerpt":{"rendered":"<p>&lt;![CDATA[ Las autoridades de rescate suspendieron de manera temporal la b\u00fasqueda de un ni\u00f1o de dos a\u00f1os que habr\u00eda sido arrastrado por las aguas del r\u00edo Yaque del Norte, luego de que, seg\u00fan versiones preliminares, su madre se lanzara con \u00e9l desde el puente General Benito Monci\u00f3n, en la provincia Monte Cristi. wf_cms.rss.read_more ]]&gt; \u200bDe [&hellip;]<\/p>\n","protected":false},"author":1,"featured_media":25866,"comment_status":"open","ping_status":"open","sticky":false,"template":"","format":"standard","meta":{"amp_status":"","footnotes":""},"categories":[5],"tags":[],"class_list":["post-25865","post","type-post","status-publish","format-standard","has-post-thumbnail","hentry","category-politica"],"_links":{"self":[{"href":"https:\/\/ermdigital.com\/index.php\/wp-json\/wp\/v2\/posts\/25865","targetHints":{"allow":["GET"]}}],"collection":[{"href":"https:\/\/ermdigital.com\/index.php\/wp-json\/wp\/v2\/posts"}],"about":[{"href":"https:\/\/ermdigital.com\/index.php\/wp-json\/wp\/v2\/types\/post"}],"author":[{"embeddable":true,"href":"https:\/\/ermdigital.com\/index.php\/wp-json\/wp\/v2\/users\/1"}],"replies":[{"embeddable":true,"href":"https:\/\/ermdigital.com\/index.php\/wp-json\/wp\/v2\/comments?post=25865"}],"version-history":[{"count":0,"href":"https:\/\/ermdigital.com\/index.php\/wp-json\/wp\/v2\/posts\/25865\/revisions"}],"wp:featuredmedia":[{"embeddable":true,"href":"https:\/\/ermdigital.com\/index.php\/wp-json\/wp\/v2\/media\/25866"}],"wp:attachment":[{"href":"https:\/\/ermdigital.com\/index.php\/wp-json\/wp\/v2\/media?parent=25865"}],"wp:term":[{"taxonomy":"category","embeddable":true,"href":"https:\/\/ermdigital.com\/index.php\/wp-json\/wp\/v2\/categories?post=25865"},{"taxonomy":"post_tag","embeddable":true,"href":"https:\/\/ermdigital.com\/index.php\/wp-json\/wp\/v2\/tags?post=25865"}],"curies":[{"name":"wp","href":"https:\/\/api.w.org\/{rel}","templated":true}]}}