{"id":25863,"date":"2026-04-29T00:00:00","date_gmt":"2026-04-29T04:00:00","guid":{"rendered":"https:\/\/ermdigital.com\/index.php\/2026\/04\/29\/energia-y-minas-apuesta-por-una-mineria-sostenible-con-reglas-claras-y-supervision-tecnica\/"},"modified":"2026-04-29T00:00:00","modified_gmt":"2026-04-29T04:00:00","slug":"energia-y-minas-apuesta-por-una-mineria-sostenible-con-reglas-claras-y-supervision-tecnica","status":"publish","type":"post","link":"https:\/\/ermdigital.com\/index.php\/2026\/04\/29\/energia-y-minas-apuesta-por-una-mineria-sostenible-con-reglas-claras-y-supervision-tecnica\/","title":{"rendered":"Energ\u00eda y Minas apuesta por una miner\u00eda sostenible con reglas claras y supervisi\u00f3n t\u00e9cnica\u00a0"},"content":{"rendered":"<p>&lt;![CDATA[<\/p>\n<p>El ministro de Energ\u00eda y Minas, Joel Santos, afirm\u00f3 ayer martes que el futuro de la miner\u00eda en el pa\u00eds debe definirse a partir de un balance real entre la protecci\u00f3n ambiental y el desarrollo econ\u00f3mico, al advertir que cualquier decisi\u00f3n sobre proyectos tiene que estar sustentarse en evidencia cient\u00edfica, el respeto al debido proceso y un di\u00e1logo transparente con las comunidades.<\/p>\n<p><a href=\"https:\/\/listindiario.com\/la-republica\/gobierno\/20260429\/energia-minas-apuesta-mineria-sostenible-reglas-claras-supervision-tecnica_903661.html\">wf_cms.rss.read_more<\/a><\/p>\n<p>]]&gt;<\/p>\n<p>\u200bEl ministro de Energ\u00eda y Minas indic\u00f3 que la decisi\u00f3n en San Juan debe estar sustentada en la ciencia, respeto al debido proceso y al di\u00e1logo\u00a0\u00a0Gobierno\u00a0<\/p>\n","protected":false},"excerpt":{"rendered":"<p>&lt;![CDATA[ El ministro de Energ\u00eda y Minas, Joel Santos, afirm\u00f3 ayer martes que el futuro de la miner\u00eda en el pa\u00eds debe definirse a partir de un balance real entre la protecci\u00f3n ambiental y el desarrollo econ\u00f3mico, al advertir que cualquier decisi\u00f3n sobre proyectos tiene que estar sustentarse en evidencia cient\u00edfica, el respeto al debido [&hellip;]<\/p>\n","protected":false},"author":1,"featured_media":25864,"comment_status":"open","ping_status":"open","sticky":false,"template":"","format":"standard","meta":{"amp_status":"","footnotes":""},"categories":[5],"tags":[],"class_list":["post-25863","post","type-post","status-publish","format-standard","has-post-thumbnail","hentry","category-politica"],"_links":{"self":[{"href":"https:\/\/ermdigital.com\/index.php\/wp-json\/wp\/v2\/posts\/25863","targetHints":{"allow":["GET"]}}],"collection":[{"href":"https:\/\/ermdigital.com\/index.php\/wp-json\/wp\/v2\/posts"}],"about":[{"href":"https:\/\/ermdigital.com\/index.php\/wp-json\/wp\/v2\/types\/post"}],"author":[{"embeddable":true,"href":"https:\/\/ermdigital.com\/index.php\/wp-json\/wp\/v2\/users\/1"}],"replies":[{"embeddable":true,"href":"https:\/\/ermdigital.com\/index.php\/wp-json\/wp\/v2\/comments?post=25863"}],"version-history":[{"count":0,"href":"https:\/\/ermdigital.com\/index.php\/wp-json\/wp\/v2\/posts\/25863\/revisions"}],"wp:featuredmedia":[{"embeddable":true,"href":"https:\/\/ermdigital.com\/index.php\/wp-json\/wp\/v2\/media\/25864"}],"wp:attachment":[{"href":"https:\/\/ermdigital.com\/index.php\/wp-json\/wp\/v2\/media?parent=25863"}],"wp:term":[{"taxonomy":"category","embeddable":true,"href":"https:\/\/ermdigital.com\/index.php\/wp-json\/wp\/v2\/categories?post=25863"},{"taxonomy":"post_tag","embeddable":true,"href":"https:\/\/ermdigital.com\/index.php\/wp-json\/wp\/v2\/tags?post=25863"}],"curies":[{"name":"wp","href":"https:\/\/api.w.org\/{rel}","templated":true}]}}