{"id":25855,"date":"2026-04-29T00:00:00","date_gmt":"2026-04-29T04:00:00","guid":{"rendered":"https:\/\/ermdigital.com\/index.php\/2026\/04\/29\/policia-nacional-de-santiago-tiene-seis-fugitivos-en-su-lista\/"},"modified":"2026-04-29T00:00:00","modified_gmt":"2026-04-29T04:00:00","slug":"policia-nacional-de-santiago-tiene-seis-fugitivos-en-su-lista","status":"publish","type":"post","link":"https:\/\/ermdigital.com\/index.php\/2026\/04\/29\/policia-nacional-de-santiago-tiene-seis-fugitivos-en-su-lista\/","title":{"rendered":"Polic\u00eda Nacional de Santiago tiene seis fugitivos en su lista\u00a0"},"content":{"rendered":"<p>&lt;![CDATA[<\/p>\n<p>La Polic\u00eda Nacional asentada en la Direcci\u00f3n Regional Cibao Central en la provincia de Santiago, tiene al menos a seis individuos en su lista de los m\u00e1s buscados, todos vinculados a homicidios y asesinatos, hechos de sangre ocurridos en los \u00faltimos meses.<\/p>\n<p><a href=\"https:\/\/listindiario.com\/la-republica\/provincias\/20260429\/policia-nacional-santiago-seis-fugitivos-lista_903670.html\">wf_cms.rss.read_more<\/a><\/p>\n<p>]]&gt;<\/p>\n<p>\u200bPor ese hecho, otras siete personas est\u00e1n sometidas a la acci\u00f3n de la justicia y enfrentan 3 meses de prisi\u00f3n preventiva como medida de coerci\u00f3n.\u00a0\u00a0Provincias\u00a0<\/p>\n","protected":false},"excerpt":{"rendered":"<p>&lt;![CDATA[ La Polic\u00eda Nacional asentada en la Direcci\u00f3n Regional Cibao Central en la provincia de Santiago, tiene al menos a seis individuos en su lista de los m\u00e1s buscados, todos vinculados a homicidios y asesinatos, hechos de sangre ocurridos en los \u00faltimos meses. wf_cms.rss.read_more ]]&gt; \u200bPor ese hecho, otras siete personas est\u00e1n sometidas a la [&hellip;]<\/p>\n","protected":false},"author":1,"featured_media":25856,"comment_status":"open","ping_status":"open","sticky":false,"template":"","format":"standard","meta":{"amp_status":"","footnotes":""},"categories":[5],"tags":[],"class_list":["post-25855","post","type-post","status-publish","format-standard","has-post-thumbnail","hentry","category-politica"],"_links":{"self":[{"href":"https:\/\/ermdigital.com\/index.php\/wp-json\/wp\/v2\/posts\/25855","targetHints":{"allow":["GET"]}}],"collection":[{"href":"https:\/\/ermdigital.com\/index.php\/wp-json\/wp\/v2\/posts"}],"about":[{"href":"https:\/\/ermdigital.com\/index.php\/wp-json\/wp\/v2\/types\/post"}],"author":[{"embeddable":true,"href":"https:\/\/ermdigital.com\/index.php\/wp-json\/wp\/v2\/users\/1"}],"replies":[{"embeddable":true,"href":"https:\/\/ermdigital.com\/index.php\/wp-json\/wp\/v2\/comments?post=25855"}],"version-history":[{"count":0,"href":"https:\/\/ermdigital.com\/index.php\/wp-json\/wp\/v2\/posts\/25855\/revisions"}],"wp:featuredmedia":[{"embeddable":true,"href":"https:\/\/ermdigital.com\/index.php\/wp-json\/wp\/v2\/media\/25856"}],"wp:attachment":[{"href":"https:\/\/ermdigital.com\/index.php\/wp-json\/wp\/v2\/media?parent=25855"}],"wp:term":[{"taxonomy":"category","embeddable":true,"href":"https:\/\/ermdigital.com\/index.php\/wp-json\/wp\/v2\/categories?post=25855"},{"taxonomy":"post_tag","embeddable":true,"href":"https:\/\/ermdigital.com\/index.php\/wp-json\/wp\/v2\/tags?post=25855"}],"curies":[{"name":"wp","href":"https:\/\/api.w.org\/{rel}","templated":true}]}}