{"id":25853,"date":"2026-04-29T00:00:00","date_gmt":"2026-04-29T04:00:00","guid":{"rendered":"https:\/\/ermdigital.com\/index.php\/2026\/04\/29\/uso-de-inteligencia-artificial-en-la-justicia-puede-poner-en-riesgo-los-derechos-de-los-acusados-afirma-especialista\/"},"modified":"2026-04-29T00:00:00","modified_gmt":"2026-04-29T04:00:00","slug":"uso-de-inteligencia-artificial-en-la-justicia-puede-poner-en-riesgo-los-derechos-de-los-acusados-afirma-especialista","status":"publish","type":"post","link":"https:\/\/ermdigital.com\/index.php\/2026\/04\/29\/uso-de-inteligencia-artificial-en-la-justicia-puede-poner-en-riesgo-los-derechos-de-los-acusados-afirma-especialista\/","title":{"rendered":"Uso de inteligencia artificial en la justicia puede poner en riesgo los derechos de los acusados, afirma especialista\u00a0"},"content":{"rendered":"<p>&lt;![CDATA[<\/p>\n<p>La jurista espa\u00f1ola <b>Carmen Cuadrado<\/b> advirti\u00f3 que el uso de inteligencia artificial en los sistemas judiciales puede afectar los derechos de los acusados si no se aplican controles adecuados, transparencia en los procesos y supervisi\u00f3n humana en la toma de decisiones.<\/p>\n<p><a href=\"https:\/\/listindiario.com\/la-republica\/20260429\/inteligencia-artificial-justicia-poner-riesgo-derechos-acusados-afirma-especialista_903671.html\">wf_cms.rss.read_more<\/a><\/p>\n<p>]]&gt;<\/p>\n<p>\u200bDurante una conferencia realizada en el auditorio de la Fundaci\u00f3n Global Democracia y Desarrollo (Funglode), la especialista explic\u00f3 que la incorporaci\u00f3n de estas tecnolog\u00edas en los tribunales no responde \u00fanicamente a avances tecnol\u00f3gicos, sino a la necesidad de mejorar la coherencia y eficiencia en las decisiones judiciales, ante la dificultad hist\u00f3rica de garantizar que casos similares reciban respuestas similares.\u00a0\u00a0La Rep\u00fablica\u00a0<\/p>\n","protected":false},"excerpt":{"rendered":"<p>&lt;![CDATA[ La jurista espa\u00f1ola Carmen Cuadrado advirti\u00f3 que el uso de inteligencia artificial en los sistemas judiciales puede afectar los derechos de los acusados si no se aplican controles adecuados, transparencia en los procesos y supervisi\u00f3n humana en la toma de decisiones. wf_cms.rss.read_more ]]&gt; \u200bDurante una conferencia realizada en el auditorio de la Fundaci\u00f3n Global [&hellip;]<\/p>\n","protected":false},"author":1,"featured_media":25854,"comment_status":"open","ping_status":"open","sticky":false,"template":"","format":"standard","meta":{"amp_status":"","footnotes":""},"categories":[5],"tags":[],"class_list":["post-25853","post","type-post","status-publish","format-standard","has-post-thumbnail","hentry","category-politica"],"_links":{"self":[{"href":"https:\/\/ermdigital.com\/index.php\/wp-json\/wp\/v2\/posts\/25853","targetHints":{"allow":["GET"]}}],"collection":[{"href":"https:\/\/ermdigital.com\/index.php\/wp-json\/wp\/v2\/posts"}],"about":[{"href":"https:\/\/ermdigital.com\/index.php\/wp-json\/wp\/v2\/types\/post"}],"author":[{"embeddable":true,"href":"https:\/\/ermdigital.com\/index.php\/wp-json\/wp\/v2\/users\/1"}],"replies":[{"embeddable":true,"href":"https:\/\/ermdigital.com\/index.php\/wp-json\/wp\/v2\/comments?post=25853"}],"version-history":[{"count":0,"href":"https:\/\/ermdigital.com\/index.php\/wp-json\/wp\/v2\/posts\/25853\/revisions"}],"wp:featuredmedia":[{"embeddable":true,"href":"https:\/\/ermdigital.com\/index.php\/wp-json\/wp\/v2\/media\/25854"}],"wp:attachment":[{"href":"https:\/\/ermdigital.com\/index.php\/wp-json\/wp\/v2\/media?parent=25853"}],"wp:term":[{"taxonomy":"category","embeddable":true,"href":"https:\/\/ermdigital.com\/index.php\/wp-json\/wp\/v2\/categories?post=25853"},{"taxonomy":"post_tag","embeddable":true,"href":"https:\/\/ermdigital.com\/index.php\/wp-json\/wp\/v2\/tags?post=25853"}],"curies":[{"name":"wp","href":"https:\/\/api.w.org\/{rel}","templated":true}]}}