{"id":25849,"date":"2026-04-28T22:22:58","date_gmt":"2026-04-29T02:22:58","guid":{"rendered":"https:\/\/ermdigital.com\/index.php\/2026\/04\/28\/el-ministro-espanol-albares-llega-a-mexico-para-avanzar-con-la-normalizacion-de-las-relaciones\/"},"modified":"2026-04-28T22:22:58","modified_gmt":"2026-04-29T02:22:58","slug":"el-ministro-espanol-albares-llega-a-mexico-para-avanzar-con-la-normalizacion-de-las-relaciones","status":"publish","type":"post","link":"https:\/\/ermdigital.com\/index.php\/2026\/04\/28\/el-ministro-espanol-albares-llega-a-mexico-para-avanzar-con-la-normalizacion-de-las-relaciones\/","title":{"rendered":"El ministro espa\u00f1ol Albares llega a M\u00e9xico para avanzar con la normalizaci\u00f3n de las relaciones"},"content":{"rendered":"<p><strong>Ciudad de M\u00e9xico.- <\/strong>El ministro de Asuntos Exteriores de Espa\u00f1a, Jos\u00e9 Manuel Albares, lleg\u00f3 este martes a M\u00e9xico, donde acude apenas unos d\u00edas despu\u00e9s de que los dos pa\u00edses simbolizaran la normalizaci\u00f3n de sus relaciones en Barcelona, con la reuni\u00f3n entre el presidente el Gobierno espa\u00f1ol, Pedro S\u00e1nchez, y la presidenta de M\u00e9xico, Claudia Sheinbaum.<\/p>\n<p>Albares aterriz\u00f3 en el Aeropuerto Internacional Felipe \u00c1ngeles (AIFA), a las afueras de la capital mexicana, a las 17.30 hora local (23.30 GMT), procedente de Rep\u00fablica Dominicana, y fue recibido por la subsecretaria de Relaciones Exteriores de M\u00e9xico, Mar\u00eda Teresa Mercado.<\/p>\n<p>El ministro espa\u00f1ol, en su tercera visita a M\u00e9xico, aprovechar\u00e1 para reunirse el mi\u00e9rcoles con el secretario de Relaciones Exteriores, Roberto Velasco, con el que firmar\u00e1 el Acta de la Comisi\u00f3n Binacional Espa\u00f1a-M\u00e9xico, en \u00abreflejo de la buena salud de las fraternales relaciones existentes entre ambos pa\u00edses\u00bb, seg\u00fan el comunicado oficial.<\/p>\n<h4 class=\"wp-block-heading\"><strong>Recomendamos leer:<a href=\"https:\/\/deultimominuto.net\/enlaces\/\" data-type=\"page\" data-id=\"491852\"> Espa\u00f1a reafirma apoyo a Hait\u00ed y ofrece ayuda econ\u00f3mica y policial para frenar a las bandas<\/a><\/strong><a href=\"https:\/\/deultimominuto.net\/category\/internacionales\/\"><\/a><\/h4>\n<p>Espa\u00f1a y M\u00e9xico escenificaron en la IV Cumbre en Defensa de la Democracia, que se celebr\u00f3 el 18 de abril en Barcelona, la normalizaci\u00f3n de sus relaciones diplom\u00e1ticas desde que tanto el anterior presidente mexicano, Andr\u00e9s Manuel L\u00f3pez Obrador (2018-2024), como su sucesora, Claudia Sheinbaum, pidieran una disculpa de la Corona espa\u00f1ola por los agravios de la conquista de Am\u00e9rica.\u00a0<\/p>\n<p>El mes pasado, Felipe VI reconoci\u00f3 que en la conquista de Am\u00e9rica hubo \u00abmucho abuso\u00bb, unas palabras que fueron acogidas con satisfacci\u00f3n por la mandataria mexicana.<\/p>\n<h3 class=\"wp-block-heading\"><strong>La agenda<\/strong><\/h3>\n<p>Esta tarde,\u00a0<a href=\"https:\/\/efe.com\/espana\/2026-04-18\/presidenta-mexico-crisis-espana\/\" target=\"_blank\" rel=\"noopener\">Albares comenzar\u00e1 su visita oficial<\/a>\u00a0con un encuentro con empresarios y una reuni\u00f3n en la C\u00e1mara de Comercio de Espa\u00f1a en M\u00e9xico.<\/p>\n<p>Posteriormente, el mi\u00e9rcoles, el ministro espa\u00f1ol realizar\u00e1 una ofrenda floral ante la tumba de L\u00e1zaro C\u00e1rdenas, presidente de M\u00e9xico entre 1934 y 1940 que acogi\u00f3 en el pa\u00eds a miles de exiliados espa\u00f1oles tras la Guerra Civil.<\/p>\n<p>Adem\u00e1s, el jefe de la diplomacia espa\u00f1ola inaugurar\u00e1 la exposici\u00f3n \u2018La mitad del mundo\u2019 y participar\u00e1 en diversos actos en la Universidad Nacional Aut\u00f3noma de M\u00e9xico y el Museo Nacional de Antropolog\u00eda, galardonado en 2025 con el premio Princesa de Asturias de la Concordia.<\/p>\n<p>Albares realizar\u00e1, asimismo, un recorrido por el Consulado en M\u00e9xico para repasar los trabajos en aplicaci\u00f3n de la Ley de Memoria Democr\u00e1tica.<\/p>\n<p>\u200bCiudad de M\u00e9xico.- El ministro de Asuntos Exteriores de Espa\u00f1a, Jos\u00e9 Manuel Albares, lleg\u00f3 este martes a M\u00e9xico, donde acude apenas unos d\u00edas despu\u00e9s de que los dos pa\u00edses simbolizaran la normalizaci\u00f3n de sus relaciones en Barcelona, con la reuni\u00f3n entre el presidente el Gobierno espa\u00f1ol, Pedro S\u00e1nchez, y la presidenta de M\u00e9xico, Claudia Sheinbaum.\u00a0\u00a0Internacionales, El ministro, M\u00e9xico\u00a0\u00a0<\/p>\n","protected":false},"excerpt":{"rendered":"<p>Ciudad de M\u00e9xico.- El ministro de Asuntos Exteriores de Espa\u00f1a, Jos\u00e9 Manuel Albares, lleg\u00f3 este martes a M\u00e9xico, donde acude apenas unos d\u00edas despu\u00e9s de que los dos pa\u00edses simbolizaran la normalizaci\u00f3n de sus relaciones en Barcelona, con la reuni\u00f3n entre el presidente el Gobierno espa\u00f1ol, Pedro S\u00e1nchez, y la presidenta de M\u00e9xico, Claudia Sheinbaum. [&hellip;]<\/p>\n","protected":false},"author":1,"featured_media":25850,"comment_status":"open","ping_status":"open","sticky":false,"template":"","format":"standard","meta":{"amp_status":"","footnotes":""},"categories":[3],"tags":[],"class_list":["post-25849","post","type-post","status-publish","format-standard","has-post-thumbnail","hentry","category-de-ultimo-minuto"],"_links":{"self":[{"href":"https:\/\/ermdigital.com\/index.php\/wp-json\/wp\/v2\/posts\/25849","targetHints":{"allow":["GET"]}}],"collection":[{"href":"https:\/\/ermdigital.com\/index.php\/wp-json\/wp\/v2\/posts"}],"about":[{"href":"https:\/\/ermdigital.com\/index.php\/wp-json\/wp\/v2\/types\/post"}],"author":[{"embeddable":true,"href":"https:\/\/ermdigital.com\/index.php\/wp-json\/wp\/v2\/users\/1"}],"replies":[{"embeddable":true,"href":"https:\/\/ermdigital.com\/index.php\/wp-json\/wp\/v2\/comments?post=25849"}],"version-history":[{"count":0,"href":"https:\/\/ermdigital.com\/index.php\/wp-json\/wp\/v2\/posts\/25849\/revisions"}],"wp:featuredmedia":[{"embeddable":true,"href":"https:\/\/ermdigital.com\/index.php\/wp-json\/wp\/v2\/media\/25850"}],"wp:attachment":[{"href":"https:\/\/ermdigital.com\/index.php\/wp-json\/wp\/v2\/media?parent=25849"}],"wp:term":[{"taxonomy":"category","embeddable":true,"href":"https:\/\/ermdigital.com\/index.php\/wp-json\/wp\/v2\/categories?post=25849"},{"taxonomy":"post_tag","embeddable":true,"href":"https:\/\/ermdigital.com\/index.php\/wp-json\/wp\/v2\/tags?post=25849"}],"curies":[{"name":"wp","href":"https:\/\/api.w.org\/{rel}","templated":true}]}}