{"id":25833,"date":"2026-04-28T23:19:46","date_gmt":"2026-04-29T03:19:46","guid":{"rendered":"https:\/\/ermdigital.com\/index.php\/2026\/04\/28\/distrito-educativo-14-04-celebra-y-felicita-a-tecnico-destacada-a-nivel-nacional\/"},"modified":"2026-04-28T23:19:46","modified_gmt":"2026-04-29T03:19:46","slug":"distrito-educativo-14-04-celebra-y-felicita-a-tecnico-destacada-a-nivel-nacional","status":"publish","type":"post","link":"https:\/\/ermdigital.com\/index.php\/2026\/04\/28\/distrito-educativo-14-04-celebra-y-felicita-a-tecnico-destacada-a-nivel-nacional\/","title":{"rendered":"Distrito Educativo 14-04 celebra y felicita a t\u00e9cnico destacada a nivel nacional"},"content":{"rendered":"<p><strong>Saman\u00e1.-<\/strong>En el marco de la conmemoraci\u00f3n del D\u00eda Nacional de la Descentralizaci\u00f3n, el<a href=\"https:\/\/deultimominuto.net\/nacionales\/bani-acoge-8va-gala-de-arte-del-distrito-educativo-03-04\/\"> Distrito Educativo <\/a>14-04 de Saman\u00e1 celebra y felicita a la t\u00e9cnico del Departamento de Descentralizaci\u00f3n, Ana Lidia Ram\u00edrez, por haber sido distinguida como la t\u00e9cnico n\u00famero uno a nivel nacional.<\/p>\n<p>Durante las premiaciones a nivel nacional, tambi\u00e9n fueron reconocidos importantes actores del sistema educativo, entre ellos la Junta Regional 14, ganadora del primer lugar como junta modelo del a\u00f1o; Andrea Ortega, quien obtuvo el primer lugar a nivel nacional como t\u00e9cnico y coordinadora de descentralizaci\u00f3n; y el Polit\u00e9cnico Domingo Antonio Tejada, del Distrito 14-02 de Cabrera, reconocido con el primer lugar como mejor junta de centro educativo.<\/p>\n<p>Ana Lidia Ram\u00edrez, quien es una de las t\u00e9cnicas m\u00e1s destacadas del Distrito Educativo 14-04 de Saman\u00e1, se ha ganado este reconocimiento gracias a su dedicaci\u00f3n, responsabilidad y entrega incondicional en el desempe\u00f1o de sus funciones.<\/p>\n<p>Este importante reconocimiento pone en alto la dedicaci\u00f3n, el compromiso y la excelencia con la que Ram\u00edrez desempe\u00f1a sus funciones, destac\u00e1ndose por su seguimiento constante y oportuno, as\u00ed como por su responsabilidad en la correcta administraci\u00f3n de los recursos destinados a los centros educativos.<\/p>\n<p><strong>Recomendamos leer: <a href=\"https:\/\/deultimominuto.net\/nacionales\/distrito-educativo-03-01-de-azua-2\/\">Distrito Educativo 03-01 de Azua celebra gala art\u00edstica estudiantil<\/a><\/strong><\/p>\n<p>Su labor ha sido clave para garantizar que los fondos sean debidamente distribuidos y utilizados de manera transparente, fortaleciendo as\u00ed la gesti\u00f3n educativa en el distrito.<\/p>\n<p>Nuestra directora distrital, Licda. Adalberta Luc\u00eda Calca\u00f1o Maldonado, expres\u00f3 su satisfacci\u00f3n al ver los logros alcanzados por Ram\u00edrez, destacando que este reconocimiento pone en alto a la Regional 14 y al Distrito Educativo 14-04 de Saman\u00e1.<\/p>\n<p>Las autoridades del Distrito Educativo 14-04 valoraron este logro como un reflejo del trabajo bien hecho y del impacto positivo que genera una gesti\u00f3n eficiente en beneficio de toda la comunidad educativa.<\/p>\n<p>Finalmente, reiteraron sus felicitaciones a Ana Lidia Ram\u00edrez, destac\u00e1ndola como un orgullo para <a href=\"https:\/\/deultimominuto.net\/nacionales\/samana-actos-conmemorativos-del-182-aniversario-de-la-independencia-nacional\/\">Saman\u00e1<\/a> y un ejemplo a seguir a nivel nacional.<\/p>\n<p>\u200bSaman\u00e1.-En el marco de la conmemoraci\u00f3n del D\u00eda Nacional de la Descentralizaci\u00f3n, el Distrito Educativo 14-04 de Saman\u00e1 celebra y felicita a la t\u00e9cnico del Departamento de Descentralizaci\u00f3n, Ana Lidia Ram\u00edrez, por haber sido distinguida como la t\u00e9cnico n\u00famero uno a nivel nacional. Durante las premiaciones a nivel nacional, tambi\u00e9n fueron reconocidos importantes actores del\u00a0\u00a0Nacionales, Ana Lidia Ram\u00edrez, Distrito Educativo\u00a0\u00a0<\/p>\n","protected":false},"excerpt":{"rendered":"<p>Saman\u00e1.-En el marco de la conmemoraci\u00f3n del D\u00eda Nacional de la Descentralizaci\u00f3n, el Distrito Educativo 14-04 de Saman\u00e1 celebra y felicita a la t\u00e9cnico del Departamento de Descentralizaci\u00f3n, Ana Lidia Ram\u00edrez, por haber sido distinguida como la t\u00e9cnico n\u00famero uno a nivel nacional. Durante las premiaciones a nivel nacional, tambi\u00e9n fueron reconocidos importantes actores del [&hellip;]<\/p>\n","protected":false},"author":1,"featured_media":25834,"comment_status":"open","ping_status":"open","sticky":false,"template":"","format":"standard","meta":{"amp_status":"","footnotes":""},"categories":[3],"tags":[],"class_list":["post-25833","post","type-post","status-publish","format-standard","has-post-thumbnail","hentry","category-de-ultimo-minuto"],"_links":{"self":[{"href":"https:\/\/ermdigital.com\/index.php\/wp-json\/wp\/v2\/posts\/25833","targetHints":{"allow":["GET"]}}],"collection":[{"href":"https:\/\/ermdigital.com\/index.php\/wp-json\/wp\/v2\/posts"}],"about":[{"href":"https:\/\/ermdigital.com\/index.php\/wp-json\/wp\/v2\/types\/post"}],"author":[{"embeddable":true,"href":"https:\/\/ermdigital.com\/index.php\/wp-json\/wp\/v2\/users\/1"}],"replies":[{"embeddable":true,"href":"https:\/\/ermdigital.com\/index.php\/wp-json\/wp\/v2\/comments?post=25833"}],"version-history":[{"count":0,"href":"https:\/\/ermdigital.com\/index.php\/wp-json\/wp\/v2\/posts\/25833\/revisions"}],"wp:featuredmedia":[{"embeddable":true,"href":"https:\/\/ermdigital.com\/index.php\/wp-json\/wp\/v2\/media\/25834"}],"wp:attachment":[{"href":"https:\/\/ermdigital.com\/index.php\/wp-json\/wp\/v2\/media?parent=25833"}],"wp:term":[{"taxonomy":"category","embeddable":true,"href":"https:\/\/ermdigital.com\/index.php\/wp-json\/wp\/v2\/categories?post=25833"},{"taxonomy":"post_tag","embeddable":true,"href":"https:\/\/ermdigital.com\/index.php\/wp-json\/wp\/v2\/tags?post=25833"}],"curies":[{"name":"wp","href":"https:\/\/api.w.org\/{rel}","templated":true}]}}