{"id":25831,"date":"2026-04-28T21:42:42","date_gmt":"2026-04-29T01:42:42","guid":{"rendered":"https:\/\/ermdigital.com\/index.php\/2026\/04\/28\/emma-polanco-afirma-que-resolucion-no-implicaba-alza-salarial-sino-un-incentivo-por-el-intenso-trabajo-en-la-ccrd\/"},"modified":"2026-04-28T21:42:42","modified_gmt":"2026-04-29T01:42:42","slug":"emma-polanco-afirma-que-resolucion-no-implicaba-alza-salarial-sino-un-incentivo-por-el-intenso-trabajo-en-la-ccrd","status":"publish","type":"post","link":"https:\/\/ermdigital.com\/index.php\/2026\/04\/28\/emma-polanco-afirma-que-resolucion-no-implicaba-alza-salarial-sino-un-incentivo-por-el-intenso-trabajo-en-la-ccrd\/","title":{"rendered":"Emma Polanco afirma que resoluci\u00f3n no implicaba alza salarial, sino un incentivo por el intenso trabajo en la CCRD"},"content":{"rendered":"<p><strong>Santo Domingo<\/strong>.- La presidenta de la C\u00e1mara de Cuentas de la Rep\u00fablica Dominicana (CCRD), <strong><a href=\"https:\/\/www.instagram.com\/p\/DJ1trs6uVsS\/\" target=\"_blank\" rel=\"noopener\">Emma Polanco<\/a><\/strong>, se pronunci\u00f3 este martes por primera vez sobre la resoluci\u00f3n mediante la cual el pleno de ese organismo aprob\u00f3 un incremento del <strong>50 %<\/strong> en las remuneraciones de sus miembros.<\/p>\n<p>Con la medida, Polanco habr\u00eda pasado a devengar cerca de <strong>RD$600,000<\/strong> mensuales, mientras que los dem\u00e1s integrantes del pleno alcanzar\u00edan alrededor de RD$500,000. No obstante, el pasado 9 de abril, el propio \u00f3rgano dej\u00f3 sin efecto la disposici\u00f3n ADM-2026-017, en consonancia con la pol\u00edtica de austeridad gubernamental.<\/p>\n<p>Al ser abordada por periodistas en el <strong>Congreso Nacional<\/strong>, Polanco sostuvo que la iniciativa no persegu\u00eda un aumento salarial, sino que respond\u00eda a la intenci\u00f3n de reconocer, mediante un incentivo, la carga de trabajo asumida por la actual gesti\u00f3n, que lleva aproximadamente un a\u00f1o en funciones.<\/p>\n<h5 class=\"wp-block-heading\"><strong>Recomendamos leer: <a href=\"https:\/\/deultimominuto.net\/nacionales\/policia-nacional-profundiza\/\"><\/a><a href=\"https:\/\/deultimominuto.net\/nacionales\/encuesta-sondeos-otorga-un-82-de-valoracion-positiva-a-la-gestion-de-emma-polanco-en-la-camara-de-cuentas\/\">Encuesta SONDEOS otorga un 82% de valoraci\u00f3n positiva a la gesti\u00f3n de Emma Polanco, en la C\u00e1mara de Cuentas<\/a><\/strong><\/h5>\n<p>Afirm\u00f3 que los cinco miembros del pleno consideraban justificado dicho incentivo debido a los resultados obtenidos, al destacar que durante este per\u00edodo se han realizado 90 auditor\u00edas, en contraste con las dos efectuadas en un a\u00f1o por la administraci\u00f3n anterior, encabezada por <strong>Janel Ram\u00edrez<\/strong>. Tambi\u00e9n mencion\u00f3 el seguimiento a m\u00faltiples auditor\u00edas en Santiago de los Caballeros y el avance en la gesti\u00f3n de declaraciones juradas.<\/p>\n<p>Pese a ello, subray\u00f3 que el tema ha sido superado. \u201c<strong>Eso ya ha quedado en el pasado. Nuestro compromiso es trabajar y dar resultados al pa\u00eds<\/strong>\u201d, expres\u00f3.<\/p>\n<p>Las declaraciones se producen tras la reacci\u00f3n generada en la opini\u00f3n p\u00fablica y el se\u00f1alamiento del presidente del Senado, Ricardo de los Santos, quien advirti\u00f3 que la medida ser\u00eda inconstitucional.<\/p>\n<p>Polanco ofreci\u00f3 estas consideraciones luego de encabezar un encuentro con <strong>legisladores<\/strong>, en el que present\u00f3 la primera rendici\u00f3n de cuentas de la CCRD sobre los resultados correspondientes a 2025.<\/p>\n<h5 class=\"wp-block-heading\"><strong>Recomendamos leer: <a href=\"https:\/\/deultimominuto.net\/nacionales\/emma-polanco-afirma-tendra-firme-compromiso-moral\/\">Emma Polanco afirma tendr\u00e1 firme compromiso moral y \u00e9tico en la C\u00e1mara de Cuentas<\/a><\/strong><\/h5>\n<p>Durante la actividad, asegur\u00f3 que la instituci\u00f3n ha fortalecido sus capacidades y ha retomado su rumbo, con un enfoque en la transparencia, el rigor t\u00e9cnico y la responsabilidad.<\/p>\n<p>Seg\u00fan los datos expuestos ante los presidentes del Senado y de la <strong>C\u00e1mara de Diputados<\/strong>, la entidad ha publicado 90 auditor\u00edas a instituciones p\u00fablicas y remitido 50 informes a la <strong>Procuradur\u00eda Especializada de Persecuci\u00f3n de la Corrupci\u00f3n Administrativa<\/strong> (PEPCA), como parte de los esfuerzos para combatir la corrupci\u00f3n.<\/p>\n<p>Para alcanzar estos resultados, la CCRD incorpor\u00f3 82 nuevos auditores mediante concursos p\u00fablicos, adem\u00e1s de implementar programas de capacitaci\u00f3n alineados con est\u00e1ndares internacionales, orientados a fortalecer su capacidad t\u00e9cnica y operativa.<\/p>\n<p>En la actividad tambi\u00e9n participaron el vicepresidente Francisco Tam\u00e1rez Florentino y los miembros del pleno <strong>Francisco Franco, Ram\u00f3n M\u00e9ndez Acosta y Griselda G\u00f3mez Santana.<\/strong><\/p>\n<\/p>\n<p>\u200bSanto Domingo.- La presidenta de la C\u00e1mara de Cuentas de la Rep\u00fablica Dominicana (CCRD), Emma Polanco, se pronunci\u00f3 este martes por primera vez sobre la resoluci\u00f3n mediante la cual el pleno de ese organismo aprob\u00f3 un incremento del 50 % en las remuneraciones de sus miembros. Con la medida, Polanco habr\u00eda pasado a devengar cerca\u00a0\u00a0Nacionales\u00a0\u00a0<\/p>\n","protected":false},"excerpt":{"rendered":"<p>Santo Domingo.- La presidenta de la C\u00e1mara de Cuentas de la Rep\u00fablica Dominicana (CCRD), Emma Polanco, se pronunci\u00f3 este martes por primera vez sobre la resoluci\u00f3n mediante la cual el pleno de ese organismo aprob\u00f3 un incremento del 50 % en las remuneraciones de sus miembros. Con la medida, Polanco habr\u00eda pasado a devengar cerca [&hellip;]<\/p>\n","protected":false},"author":1,"featured_media":25832,"comment_status":"open","ping_status":"open","sticky":false,"template":"","format":"standard","meta":{"amp_status":"","footnotes":""},"categories":[3],"tags":[],"class_list":["post-25831","post","type-post","status-publish","format-standard","has-post-thumbnail","hentry","category-de-ultimo-minuto"],"_links":{"self":[{"href":"https:\/\/ermdigital.com\/index.php\/wp-json\/wp\/v2\/posts\/25831","targetHints":{"allow":["GET"]}}],"collection":[{"href":"https:\/\/ermdigital.com\/index.php\/wp-json\/wp\/v2\/posts"}],"about":[{"href":"https:\/\/ermdigital.com\/index.php\/wp-json\/wp\/v2\/types\/post"}],"author":[{"embeddable":true,"href":"https:\/\/ermdigital.com\/index.php\/wp-json\/wp\/v2\/users\/1"}],"replies":[{"embeddable":true,"href":"https:\/\/ermdigital.com\/index.php\/wp-json\/wp\/v2\/comments?post=25831"}],"version-history":[{"count":0,"href":"https:\/\/ermdigital.com\/index.php\/wp-json\/wp\/v2\/posts\/25831\/revisions"}],"wp:featuredmedia":[{"embeddable":true,"href":"https:\/\/ermdigital.com\/index.php\/wp-json\/wp\/v2\/media\/25832"}],"wp:attachment":[{"href":"https:\/\/ermdigital.com\/index.php\/wp-json\/wp\/v2\/media?parent=25831"}],"wp:term":[{"taxonomy":"category","embeddable":true,"href":"https:\/\/ermdigital.com\/index.php\/wp-json\/wp\/v2\/categories?post=25831"},{"taxonomy":"post_tag","embeddable":true,"href":"https:\/\/ermdigital.com\/index.php\/wp-json\/wp\/v2\/tags?post=25831"}],"curies":[{"name":"wp","href":"https:\/\/api.w.org\/{rel}","templated":true}]}}