{"id":25811,"date":"2026-04-28T22:22:11","date_gmt":"2026-04-29T02:22:11","guid":{"rendered":"https:\/\/ermdigital.com\/index.php\/2026\/04\/28\/mlb-carlos-mendoza-asegura-que-su-puesto-no-ha-sido-tema\/"},"modified":"2026-04-28T22:22:11","modified_gmt":"2026-04-29T02:22:11","slug":"mlb-carlos-mendoza-asegura-que-su-puesto-no-ha-sido-tema","status":"publish","type":"post","link":"https:\/\/ermdigital.com\/index.php\/2026\/04\/28\/mlb-carlos-mendoza-asegura-que-su-puesto-no-ha-sido-tema\/","title":{"rendered":"MLB: Carlos Mendoza asegura que su puesto no ha sido tema"},"content":{"rendered":"<p>\u00a0\u00a0<\/p>\n<p>El dirigente venezolano <strong>Carlos Mendoza<\/strong> reconoci\u00f3 que est\u00e1 al tanto de los recientes <strong>despidos de managers<\/strong> en las <strong>Grandes Ligas<\/strong>, incluyendo casos cercanos dentro del b\u00e9isbol, pero dej\u00f3 claro que su situaci\u00f3n con los <strong>Mets de Nueva York<\/strong> no ha sido objeto de conversaci\u00f3n interna.<\/p>\n<p><strong>Mendoza<\/strong> indic\u00f3 que, a pesar del complicado <strong>arranque del equipo<\/strong> \u2014con <strong>marca de 9-19<\/strong>\u2014, no ha sostenido conversaciones con el presidente de operaciones de b\u00e9isbol, <strong>David Stearns<\/strong>, ni con el propietario Steve Cohen respecto a su continuidad en el cargo.<\/p>\n<p>El piloto admiti\u00f3 que observ\u00f3 lo sucedido recientemente con otros dirigentes en la liga, como los despidos de <strong>Alex Cora<\/strong> y <strong>Rob Thomson<\/strong>, situaciones que reflejan la presi\u00f3n habitual sobre los managers cuando los resultados no acompa\u00f1an. <\/p>\n<p>Sin embargo, en el caso de los Mets, <strong>Mendoza<\/strong> describi\u00f3 el ambiente como estable, se\u00f1alando que no ha habido indicios desde la <strong>gerencia<\/strong> o la <strong>propiedad<\/strong> que sugieran preocupaci\u00f3n inmediata sobre su puesto, pese al bajo rendimiento colectivo en el inicio de la temporada. <\/p>\n<p>El equipo de Nueva York, que lleg\u00f3 a la campa\u00f1a con altas expectativas, ha tenido dificultades tanto en ofensiva como en <strong>pitcheo<\/strong>, lo que ha derivado en uno de los <strong>peores comienzos<\/strong> de la liga.<\/p>\n<div class=\"w-full pt-2 float-left inside-related\"><strong>RELACIONADAS<\/strong><\/p>\n<article class=\"flex flex-wrap border-b pb-4 mb-3 inline-block\">\n<div class=\"xl:w-2\/12 w-4\/12\">\n<figure class=\"mb-0\"><img loading=\"lazy\" decoding=\"async\" src=\"https:\/\/resources.diariolibre.com\/images\/2025\/04\/28\/ap25118735535729-6a5ee13a-focus-min0.03-0.5-149-99.jpg\" width=\"149\" height=\"99\" title=\"Rob Manfred reafirma su compromiso con M\u00e9xico: Los juegos de Grandes Ligas llegaron para quedarse\" alt=\"Rob Manfred reafirma su compromiso con M\u00e9xico: Los juegos de Grandes Ligas llegaron para quedarse\" class=\"object-cover\" \/><\/figure>\n<\/div>\n<\/article>\n<article class=\"flex flex-wrap border-b pb-4 mb-3 inline-block\">\n<div class=\"xl:w-2\/12 w-4\/12\">\n<figure class=\"mb-0\"><img loading=\"lazy\" decoding=\"async\" src=\"https:\/\/resources.diariolibre.com\/images\/2026\/04\/23\/mlb-international-showcase-2026-reune-talento-global-en-el-pais-a248adf8-focus-0-0-149-99.jpg\" width=\"149\" height=\"99\" title=\"MLB International Showcase 2026 re\u00fane talento global en RD\" alt=\"MLB International Showcase 2026 re\u00fane talento global en RD\" class=\"object-cover\" \/><\/figure>\n<\/div>\n<\/article>\n<article class=\"flex flex-wrap border-b pb-4 mb-3 inline-block\">\n<div class=\"xl:w-2\/12 w-4\/12\">\n<figure class=\"mb-0\"><img loading=\"lazy\" decoding=\"async\" src=\"https:\/\/resources.diariolibre.com\/images\/2026\/04\/28\/mlb-el-pitcheo-con-soriano-al-frente-saca-cara-por-rd-primer-mes-56bce6af-focus-0.03-0.59-149-99.jpg\" width=\"149\" height=\"99\" title=\"El pitcheo, con Soriano al frente, saca la cara por RD en el primer mes de MLB\" alt=\"El pitcheo, con Soriano al frente, saca la cara por RD en el primer mes de MLB\" class=\"object-cover\" \/><\/figure>\n<\/div>\n<\/article>\n<\/div>\n<ul class=\"list-text\">\n<li>Aun as\u00ed, <strong>Mendoza<\/strong> mantiene el enfoque en <strong>revertir la situaci\u00f3n<\/strong> dentro del terreno, mientras la organizaci\u00f3n, al menos por ahora, no ha puesto en duda p\u00fablicamente su <strong>liderazgo<\/strong>.<\/li>\n<\/ul>\n<div class=\"border-t border-b py-2 my-5 tags-container\"><strong>TEMAS &#8211; <\/strong><\/p>\n<ul>\n<li><\/li>\n<li>\n<div class=\"inline-block border p-2 rounded-full align-middle\">\n<p><a href=\"https:\/\/www.diariolibre.com\/tags\/grandes-ligas\/268\" title=\"Grandes Ligas\">Grandes Ligas<\/a><\/p>\n<\/div>\n<\/li>\n<li>\n<div class=\"inline-block border p-2 rounded-full align-middle\">\n<p><a href=\"https:\/\/www.diariolibre.com\/tags\/carlos-mendoza\/159766\" title=\"Carlos Mendoza\">Carlos Mendoza<\/a><\/p>\n<\/div>\n<\/li>\n<\/ul>\n<\/div>\n<p>\u00a0<\/p>\n","protected":false},"excerpt":{"rendered":"<p>\u00a0\u00a0 El dirigente venezolano Carlos Mendoza reconoci\u00f3 que est\u00e1 al tanto de los recientes despidos de managers en las Grandes Ligas, incluyendo casos cercanos dentro del b\u00e9isbol, pero dej\u00f3 claro que su situaci\u00f3n con los Mets de Nueva York no ha sido objeto de conversaci\u00f3n interna. Mendoza indic\u00f3 que, a pesar del complicado arranque del [&hellip;]<\/p>\n","protected":false},"author":1,"featured_media":25812,"comment_status":"open","ping_status":"open","sticky":false,"template":"","format":"standard","meta":{"amp_status":"","footnotes":""},"categories":[4],"tags":[],"class_list":["post-25811","post","type-post","status-publish","format-standard","has-post-thumbnail","hentry","category-deportes"],"_links":{"self":[{"href":"https:\/\/ermdigital.com\/index.php\/wp-json\/wp\/v2\/posts\/25811","targetHints":{"allow":["GET"]}}],"collection":[{"href":"https:\/\/ermdigital.com\/index.php\/wp-json\/wp\/v2\/posts"}],"about":[{"href":"https:\/\/ermdigital.com\/index.php\/wp-json\/wp\/v2\/types\/post"}],"author":[{"embeddable":true,"href":"https:\/\/ermdigital.com\/index.php\/wp-json\/wp\/v2\/users\/1"}],"replies":[{"embeddable":true,"href":"https:\/\/ermdigital.com\/index.php\/wp-json\/wp\/v2\/comments?post=25811"}],"version-history":[{"count":0,"href":"https:\/\/ermdigital.com\/index.php\/wp-json\/wp\/v2\/posts\/25811\/revisions"}],"wp:featuredmedia":[{"embeddable":true,"href":"https:\/\/ermdigital.com\/index.php\/wp-json\/wp\/v2\/media\/25812"}],"wp:attachment":[{"href":"https:\/\/ermdigital.com\/index.php\/wp-json\/wp\/v2\/media?parent=25811"}],"wp:term":[{"taxonomy":"category","embeddable":true,"href":"https:\/\/ermdigital.com\/index.php\/wp-json\/wp\/v2\/categories?post=25811"},{"taxonomy":"post_tag","embeddable":true,"href":"https:\/\/ermdigital.com\/index.php\/wp-json\/wp\/v2\/tags?post=25811"}],"curies":[{"name":"wp","href":"https:\/\/api.w.org\/{rel}","templated":true}]}}