{"id":25809,"date":"2026-04-28T22:22:11","date_gmt":"2026-04-29T02:22:11","guid":{"rendered":"https:\/\/ermdigital.com\/index.php\/2026\/04\/28\/mlb-junior-caminero-abandona-juego-tras-golpe-en-el-rostro\/"},"modified":"2026-04-28T22:22:11","modified_gmt":"2026-04-29T02:22:11","slug":"mlb-junior-caminero-abandona-juego-tras-golpe-en-el-rostro","status":"publish","type":"post","link":"https:\/\/ermdigital.com\/index.php\/2026\/04\/28\/mlb-junior-caminero-abandona-juego-tras-golpe-en-el-rostro\/","title":{"rendered":"MLB: Junior Caminero abandona juego tras golpe en el rostro"},"content":{"rendered":"<p>\u00a0\u00a0<\/p>\n<p>El antesalista de los <strong>Rays de Tampa Bay<\/strong>, <strong>Junior Caminero<\/strong>, sufri\u00f3 una contusi\u00f3n en la mand\u00edbula derecha luego de ser golpeado en el rostro por un <strong>foul tip<\/strong> mientras bateaba en la primera entrada del juego del martes por la noche ante los Guardians de Cleveland.<\/p>\n<p><strong>Caminero<\/strong> se lesion\u00f3 cuando conect\u00f3 de foul un lanzamiento \u2014un cutter del derecho<strong> Tanner Bibee<\/strong>\u2014 que rebot\u00f3 en el plato y termin\u00f3 impact\u00e1ndolo en el \u00e1rea de la mand\u00edbula. <\/p>\n<p>Tras el golpe, <strong>cay\u00f3 al suelo<\/strong> y permaneci\u00f3 <strong>boca abajo<\/strong> durante varios minutos mientras era atendido por el personal m\u00e9dico del equipo.\u00a0<\/p>\n<p>Luego de ser evaluado en el terreno, <strong>el dominicano<\/strong> decidi\u00f3 continuar su turno al bate y termin\u00f3 rodando por la v\u00eda 1-3. Sin embargo, fue sustituido en la siguiente media entrada.\u00a0<\/p>\n<div class=\"w-full pt-2 float-left inside-related\"><strong>RELACIONADAS<\/strong><\/p>\n<article class=\"flex flex-wrap border-b pb-4 mb-3 inline-block\">\n<div class=\"xl:w-2\/12 w-4\/12\">\n<figure class=\"mb-0\"><img loading=\"lazy\" decoding=\"async\" src=\"https:\/\/resources.diariolibre.com\/images\/2026\/04\/28\/lnb-jordan-hall-es-el-jugador-de-la-2da-semana-2343db14-focus-min0.22-0.53-149-99.jpg\" width=\"149\" height=\"99\" title=\"Jordan Hall es el Jugador de la 2da semana en la LNB\" alt=\"Jordan Hall es el Jugador de la 2da semana en la LNB\" class=\"object-cover\" \/><\/figure>\n<\/div>\n<\/article>\n<article class=\"flex flex-wrap border-b pb-4 mb-3 inline-block\">\n<div class=\"xl:w-2\/12 w-4\/12\">\n<figure class=\"mb-0\"><img loading=\"lazy\" decoding=\"async\" src=\"https:\/\/resources.diariolibre.com\/images\/2026\/04\/23\/lnb-heroes-ganan-su-primer-juego-7ea4e747-focus-0.17-0.39-149-99.jpg\" width=\"149\" height=\"99\" title=\"Los H\u00e9roes ganan su primer juego en la LNB\" alt=\"Los H\u00e9roes ganan su primer juego en la LNB\" class=\"object-cover\" \/><\/figure>\n<\/div>\n<\/article>\n<article class=\"flex flex-wrap border-b pb-4 mb-3 inline-block\">\n<div class=\"xl:w-2\/12 w-4\/12\">\n<figure class=\"mb-0\"><img loading=\"lazy\" decoding=\"async\" src=\"https:\/\/resources.diariolibre.com\/images\/2026\/04\/24\/lnb-metros-y-reales-logran-victorias-4a059298-focus-min0.06-0.39-149-99.jpg\" width=\"149\" height=\"99\" title=\"Metros y Reales salen airosos en la continuaci\u00f3n de la LNB\" alt=\"Metros y Reales salen airosos en la continuaci\u00f3n de la LNB\" class=\"object-cover\" \/><\/figure>\n<\/div>\n<\/article>\n<\/div>\n<ul class=\"list-text\">\n<li>El jugador, de <strong>22 a\u00f1os<\/strong>, fue catalogado como <strong>d\u00eda a d\u00eda<\/strong>. Antes del incidente, lideraba a Tampa Bay con <strong>ocho cuadrangulares<\/strong> y hab\u00eda conectado de hit en 12 de sus \u00faltimos 14 juegos.\u00a0<\/li>\n<\/ul>\n<div class=\"border-t border-b py-2 my-5 tags-container\"><strong>TEMAS &#8211; <\/strong><\/p>\n<ul>\n<li><\/li>\n<li>\n<div class=\"inline-block border p-2 rounded-full align-middle\">\n<p><a href=\"https:\/\/www.diariolibre.com\/tags\/grandes-ligas\/268\" title=\"Grandes Ligas\">Grandes Ligas<\/a><\/p>\n<\/div>\n<\/li>\n<li>\n<div class=\"inline-block border p-2 rounded-full align-middle\">\n<p><a href=\"https:\/\/www.diariolibre.com\/tags\/junior-caminero\/146397\" title=\"Junior Caminero\">Junior Caminero<\/a><\/p>\n<\/div>\n<\/li>\n<li>\n<div class=\"inline-block border p-2 rounded-full align-middle\">\n<p><a href=\"https:\/\/www.diariolibre.com\/tags\/rays-de-tampa-bay\/2085\" title=\"Rays de Tampa Bay\">Rays de Tampa Bay<\/a><\/p>\n<\/div>\n<\/li>\n<\/ul>\n<\/div>\n<p>\u00a0<\/p>\n","protected":false},"excerpt":{"rendered":"<p>\u00a0\u00a0 El antesalista de los Rays de Tampa Bay, Junior Caminero, sufri\u00f3 una contusi\u00f3n en la mand\u00edbula derecha luego de ser golpeado en el rostro por un foul tip mientras bateaba en la primera entrada del juego del martes por la noche ante los Guardians de Cleveland. Caminero se lesion\u00f3 cuando conect\u00f3 de foul un [&hellip;]<\/p>\n","protected":false},"author":1,"featured_media":25810,"comment_status":"open","ping_status":"open","sticky":false,"template":"","format":"standard","meta":{"amp_status":"","footnotes":""},"categories":[4],"tags":[],"class_list":["post-25809","post","type-post","status-publish","format-standard","has-post-thumbnail","hentry","category-deportes"],"_links":{"self":[{"href":"https:\/\/ermdigital.com\/index.php\/wp-json\/wp\/v2\/posts\/25809","targetHints":{"allow":["GET"]}}],"collection":[{"href":"https:\/\/ermdigital.com\/index.php\/wp-json\/wp\/v2\/posts"}],"about":[{"href":"https:\/\/ermdigital.com\/index.php\/wp-json\/wp\/v2\/types\/post"}],"author":[{"embeddable":true,"href":"https:\/\/ermdigital.com\/index.php\/wp-json\/wp\/v2\/users\/1"}],"replies":[{"embeddable":true,"href":"https:\/\/ermdigital.com\/index.php\/wp-json\/wp\/v2\/comments?post=25809"}],"version-history":[{"count":0,"href":"https:\/\/ermdigital.com\/index.php\/wp-json\/wp\/v2\/posts\/25809\/revisions"}],"wp:featuredmedia":[{"embeddable":true,"href":"https:\/\/ermdigital.com\/index.php\/wp-json\/wp\/v2\/media\/25810"}],"wp:attachment":[{"href":"https:\/\/ermdigital.com\/index.php\/wp-json\/wp\/v2\/media?parent=25809"}],"wp:term":[{"taxonomy":"category","embeddable":true,"href":"https:\/\/ermdigital.com\/index.php\/wp-json\/wp\/v2\/categories?post=25809"},{"taxonomy":"post_tag","embeddable":true,"href":"https:\/\/ermdigital.com\/index.php\/wp-json\/wp\/v2\/tags?post=25809"}],"curies":[{"name":"wp","href":"https:\/\/api.w.org\/{rel}","templated":true}]}}