{"id":25801,"date":"2026-04-28T21:43:21","date_gmt":"2026-04-29T01:43:21","guid":{"rendered":"https:\/\/ermdigital.com\/index.php\/2026\/04\/28\/corte-de-apelacion-rechaza-recusacion-contra-jueza-del-caso-del-fiscal-aurelio-valdez-alcantara\/"},"modified":"2026-04-28T21:43:21","modified_gmt":"2026-04-29T01:43:21","slug":"corte-de-apelacion-rechaza-recusacion-contra-jueza-del-caso-del-fiscal-aurelio-valdez-alcantara","status":"publish","type":"post","link":"https:\/\/ermdigital.com\/index.php\/2026\/04\/28\/corte-de-apelacion-rechaza-recusacion-contra-jueza-del-caso-del-fiscal-aurelio-valdez-alcantara\/","title":{"rendered":"Corte de Apelaci\u00f3n rechaza recusaci\u00f3n contra jueza del caso del fiscal Aurelio Valdez Alc\u00e1ntara\u00a0"},"content":{"rendered":"<p>&lt;![CDATA[<\/p>\n<p>El Pleno de la C\u00e1mara Penal de la Corte de Apelaci\u00f3n del Distrito Nacional declar\u00f3 inadmisible la recusaci\u00f3n interpuesta por la defensa del imputado Aurelio Valdez Alc\u00e1ntara contra la magistrada <b>Ysis B. Mu\u00f1iz Almonte<\/b>, jueza de instrucci\u00f3n especial.<\/p>\n<p><a href=\"https:\/\/listindiario.com\/la-republica\/justicia\/20260428\/corte-apelacion-rechaza-recusacion-jueza-caso-fiscal-aurelio-valdez-alcantara_903640.html\">wf_cms.rss.read_more<\/a><\/p>\n<p>]]&gt;<\/p>\n<p>\u200bLa corte fundament\u00f3 su decisi\u00f3n en que la recusaci\u00f3n, planteada inicialmente en audiencia el 10 de abril y ampliada mediante escrito el 12 de abril, no cumpli\u00f3 con el plazo de tres d\u00edas previsto en el p\u00e1rrafo II del art\u00edculo 82 del C\u00f3digo Procesal Penal (CPP).\u00a0\u00a0Justicia\u00a0<\/p>\n","protected":false},"excerpt":{"rendered":"<p>&lt;![CDATA[ El Pleno de la C\u00e1mara Penal de la Corte de Apelaci\u00f3n del Distrito Nacional declar\u00f3 inadmisible la recusaci\u00f3n interpuesta por la defensa del imputado Aurelio Valdez Alc\u00e1ntara contra la magistrada Ysis B. Mu\u00f1iz Almonte, jueza de instrucci\u00f3n especial. wf_cms.rss.read_more ]]&gt; \u200bLa corte fundament\u00f3 su decisi\u00f3n en que la recusaci\u00f3n, planteada inicialmente en audiencia el [&hellip;]<\/p>\n","protected":false},"author":1,"featured_media":25802,"comment_status":"open","ping_status":"open","sticky":false,"template":"","format":"standard","meta":{"amp_status":"","footnotes":""},"categories":[5],"tags":[],"class_list":["post-25801","post","type-post","status-publish","format-standard","has-post-thumbnail","hentry","category-politica"],"_links":{"self":[{"href":"https:\/\/ermdigital.com\/index.php\/wp-json\/wp\/v2\/posts\/25801","targetHints":{"allow":["GET"]}}],"collection":[{"href":"https:\/\/ermdigital.com\/index.php\/wp-json\/wp\/v2\/posts"}],"about":[{"href":"https:\/\/ermdigital.com\/index.php\/wp-json\/wp\/v2\/types\/post"}],"author":[{"embeddable":true,"href":"https:\/\/ermdigital.com\/index.php\/wp-json\/wp\/v2\/users\/1"}],"replies":[{"embeddable":true,"href":"https:\/\/ermdigital.com\/index.php\/wp-json\/wp\/v2\/comments?post=25801"}],"version-history":[{"count":0,"href":"https:\/\/ermdigital.com\/index.php\/wp-json\/wp\/v2\/posts\/25801\/revisions"}],"wp:featuredmedia":[{"embeddable":true,"href":"https:\/\/ermdigital.com\/index.php\/wp-json\/wp\/v2\/media\/25802"}],"wp:attachment":[{"href":"https:\/\/ermdigital.com\/index.php\/wp-json\/wp\/v2\/media?parent=25801"}],"wp:term":[{"taxonomy":"category","embeddable":true,"href":"https:\/\/ermdigital.com\/index.php\/wp-json\/wp\/v2\/categories?post=25801"},{"taxonomy":"post_tag","embeddable":true,"href":"https:\/\/ermdigital.com\/index.php\/wp-json\/wp\/v2\/tags?post=25801"}],"curies":[{"name":"wp","href":"https:\/\/api.w.org\/{rel}","templated":true}]}}