{"id":25793,"date":"2026-04-28T20:44:25","date_gmt":"2026-04-29T00:44:25","guid":{"rendered":"https:\/\/ermdigital.com\/index.php\/2026\/04\/28\/movimiento-justicia-jet-set-llama-a-vigilia-este-jueves-en-el-palacio-de-justicia\/"},"modified":"2026-04-28T20:44:25","modified_gmt":"2026-04-29T00:44:25","slug":"movimiento-justicia-jet-set-llama-a-vigilia-este-jueves-en-el-palacio-de-justicia","status":"publish","type":"post","link":"https:\/\/ermdigital.com\/index.php\/2026\/04\/28\/movimiento-justicia-jet-set-llama-a-vigilia-este-jueves-en-el-palacio-de-justicia\/","title":{"rendered":"Movimiento Justicia Jet Set llama a vigilia este jueves en el Palacio de Justicia"},"content":{"rendered":"<p><strong>Santo Domingo. \u2013 <\/strong>El colectivo Movimiento Justicia Jet Set anunci\u00f3 la realizaci\u00f3n de una vigilia este jueves 30 de abril, a las 7:00 de la noche, en el Palacio de Justicia de Ciudad Nueva, con el prop\u00f3sito de rendir homenaje a las 236 personas fallecidas en la tragedia.<\/p>\n<p>La convocatoria fue difundida a trav\u00e9s de sus redes sociales, donde el movimiento invit\u00f3 a la ciudadan\u00eda a unirse a este acto de memoria y reflexi\u00f3n, que busca mantener vivo el recuerdo de las v\u00edctimas.<\/p>\n<p>De acuerdo con lo informado, la actividad consistir\u00e1 en el encendido de velas como s\u00edmbolo de respeto, solidaridad y acompa\u00f1amiento a los familiares afectados por el hecho.<\/p>\n<h4 class=\"wp-block-heading\"><strong>Recomendamos leer: <a href=\"https:\/\/deultimominuto.net\/enlaces\/\" data-type=\"page\" data-id=\"491852\">Avanza nuevo peritaje en caso Jet Set a d\u00edas de vencer plazo otorgado a la defensa<\/a><\/strong><a href=\"https:\/\/deultimominuto.net\/category\/nacionales\/\"><\/a><\/h4>\n<p>\u201cEncendemos una vela por cada vida que sigue iluminando nuestros corazones\u201d, expresa el mensaje compartido por el colectivo, que promueve un espacio de recogimiento en medio del dolor que a\u00fan embarga a la sociedad.<\/p>\n<p>La iniciativa procura adem\u00e1s sensibilizar a la poblaci\u00f3n y reforzar el llamado a la justicia, en un contexto donde familiares y allegados contin\u00faan reclamando respuestas tras lo ocurrido.<\/p>\n<p>\u200bSanto Domingo. \u2013 El colectivo Movimiento Justicia Jet Set anunci\u00f3 la realizaci\u00f3n de una vigilia este jueves 30 de abril, a las 7:00 de la noche, en el Palacio de Justicia de Ciudad Nueva, con el prop\u00f3sito de rendir homenaje a las 236 personas fallecidas en la tragedia. La convocatoria fue difundida a trav\u00e9s de\u00a0\u00a0Nacionales, Jet Set, Movimiento, Palacio de Justicia\u00a0\u00a0<\/p>\n","protected":false},"excerpt":{"rendered":"<p>Santo Domingo. \u2013 El colectivo Movimiento Justicia Jet Set anunci\u00f3 la realizaci\u00f3n de una vigilia este jueves 30 de abril, a las 7:00 de la noche, en el Palacio de Justicia de Ciudad Nueva, con el prop\u00f3sito de rendir homenaje a las 236 personas fallecidas en la tragedia. La convocatoria fue difundida a trav\u00e9s de [&hellip;]<\/p>\n","protected":false},"author":1,"featured_media":25794,"comment_status":"open","ping_status":"open","sticky":false,"template":"","format":"standard","meta":{"amp_status":"","footnotes":""},"categories":[3],"tags":[],"class_list":["post-25793","post","type-post","status-publish","format-standard","has-post-thumbnail","hentry","category-de-ultimo-minuto"],"_links":{"self":[{"href":"https:\/\/ermdigital.com\/index.php\/wp-json\/wp\/v2\/posts\/25793","targetHints":{"allow":["GET"]}}],"collection":[{"href":"https:\/\/ermdigital.com\/index.php\/wp-json\/wp\/v2\/posts"}],"about":[{"href":"https:\/\/ermdigital.com\/index.php\/wp-json\/wp\/v2\/types\/post"}],"author":[{"embeddable":true,"href":"https:\/\/ermdigital.com\/index.php\/wp-json\/wp\/v2\/users\/1"}],"replies":[{"embeddable":true,"href":"https:\/\/ermdigital.com\/index.php\/wp-json\/wp\/v2\/comments?post=25793"}],"version-history":[{"count":0,"href":"https:\/\/ermdigital.com\/index.php\/wp-json\/wp\/v2\/posts\/25793\/revisions"}],"wp:featuredmedia":[{"embeddable":true,"href":"https:\/\/ermdigital.com\/index.php\/wp-json\/wp\/v2\/media\/25794"}],"wp:attachment":[{"href":"https:\/\/ermdigital.com\/index.php\/wp-json\/wp\/v2\/media?parent=25793"}],"wp:term":[{"taxonomy":"category","embeddable":true,"href":"https:\/\/ermdigital.com\/index.php\/wp-json\/wp\/v2\/categories?post=25793"},{"taxonomy":"post_tag","embeddable":true,"href":"https:\/\/ermdigital.com\/index.php\/wp-json\/wp\/v2\/tags?post=25793"}],"curies":[{"name":"wp","href":"https:\/\/api.w.org\/{rel}","templated":true}]}}