{"id":25789,"date":"2026-04-28T20:56:23","date_gmt":"2026-04-29T00:56:23","guid":{"rendered":"https:\/\/ermdigital.com\/index.php\/2026\/04\/28\/tribunal-de-puerto-plata-fija-para-el-25-de-mayo-juicio-contra-lazaro-javier-tejeda-por-drogas\/"},"modified":"2026-04-28T20:56:23","modified_gmt":"2026-04-29T00:56:23","slug":"tribunal-de-puerto-plata-fija-para-el-25-de-mayo-juicio-contra-lazaro-javier-tejeda-por-drogas","status":"publish","type":"post","link":"https:\/\/ermdigital.com\/index.php\/2026\/04\/28\/tribunal-de-puerto-plata-fija-para-el-25-de-mayo-juicio-contra-lazaro-javier-tejeda-por-drogas\/","title":{"rendered":"Tribunal de Puerto Plata fija para el 25 de mayo juicio contra L\u00e1zaro Javier Tejeda por drogas"},"content":{"rendered":"<p><strong>Puerto Plata.\u2014<\/strong>El ciudadano L\u00e1zaro Javier Tejeda Rodr\u00edguez enfrenta un proceso penal en el Distrito Judicial de Puerto Plata por presuntas violaciones a la Ley 50-88 sobre Drogas y Sustancias Controladas, mientras permanece en libertad a la espera de la continuaci\u00f3n del juicio fijada para el 25 de mayo de 2026.<\/p>\n<p>De acuerdo con el acta de audiencia No. 272-02-2025-TACT-00302, correspondiente al caso \u00fanico 2034-2022-EPEN-00750, la audiencia celebrada el 19 de febrero de 2026 fue aplazada por el Tribunal Colegiado de la C\u00e1mara Penal del Juzgado de Primera Instancia de Puerto Plata, tras acoger una solicitud de la defensa sustentada en un certificado m\u00e9dico presentado por el imputado.<\/p>\n<p>El tribunal, presidido por la magistrada Benecia Altagracia Rojas Cruz e integrado por los jueces Jos\u00e9 Juan Jim\u00e9nez S\u00e1nchez y Jenny Amarilis Mart\u00ednez Rivera, fij\u00f3 la nueva audiencia para las 9:00 de la ma\u00f1ana del referido d\u00eda.<\/p>\n<h4 class=\"wp-block-heading\"><strong>Cargos y desarrollo de la audiencia<\/strong><\/h4>\n<p>El proceso se sigue en perjuicio del Estado dominicano por presunta violaci\u00f3n a los art\u00edculos 4 letra D, 5 letra A (parte in fine), 28 y 75 p\u00e1rrafo II de la Ley 50-88, vinculados a tr\u00e1fico y otras conductas relacionadas con sustancias controladas.<\/p>\n<p>Durante la audiencia, el imputado no estuvo presente, condici\u00f3n que fue atribuida a su situaci\u00f3n m\u00e9dica. Tampoco comparecieron algunos testigos citados, incluyendo un agente de la Direcci\u00f3n Nacional de Control de Drogas (DNCD), mientras que otro agente s\u00ed estuvo presente ante el tribunal.<\/p>\n<h4 class=\"wp-block-heading\"><strong>Recomendamos leer:<a href=\"https:\/\/deultimominuto.net\/enlaces\/\" data-type=\"page\" data-id=\"491852\"> Polic\u00eda Nacional ocupa arma de fabricaci\u00f3n casera, cartuchos y apresa una persona durante operativo en La Vega<\/a><\/strong><a href=\"https:\/\/deultimominuto.net\/category\/nacionales\/\"><\/a><\/h4>\n<p>El Ministerio P\u00fablico, representado por el procurador fiscal Jes\u00fas Ernesto Valenzuela, no se opuso al aplazamiento solicitado por la defensa, considerando que se trataba de un pedimento sustentado en derecho.<\/p>\n<h4 class=\"wp-block-heading\"><strong>Identidad y documentos en verificaci\u00f3n<\/strong><\/h4>\n<p>En paralelo al proceso judicial, han surgido informaciones sobre posibles inconsistencias en documentos de identidad asociados al imputado.<\/p>\n<p>Entre estos figura un pasaporte cubano en el que aparece como L\u00e1zaro Javier Tejera Rodr\u00edguez, nacido en La Habana en 1972. Asimismo, existen referencias a documentaci\u00f3n de presunto origen colombiano con datos distintos, lo que plantea dudas sobre la posible utilizaci\u00f3n de m\u00e1s de una identidad o nacionalidad.<\/p>\n<p>Estas informaciones no forman parte directa del expediente judicial en curso y se mantienen bajo verificaci\u00f3n.<\/p>\n<p>La pr\u00f3xima audiencia ser\u00e1 clave para la continuaci\u00f3n del conocimiento del proceso, en el que se prev\u00e9 la comparecencia del imputado y de los testigos pendientes.<\/p>\n<p>\u200bPuerto Plata.\u2014El ciudadano L\u00e1zaro Javier Tejeda Rodr\u00edguez enfrenta un proceso penal en el Distrito Judicial de Puerto Plata por presuntas violaciones a la Ley 50-88 sobre Drogas y Sustancias Controladas, mientras permanece en libertad a la espera de la continuaci\u00f3n del juicio fijada para el 25 de mayo de 2026. De acuerdo con el acta\u00a0\u00a0Nacionales, drogas, Puerto Plata, Tribunal\u00a0\u00a0<\/p>\n","protected":false},"excerpt":{"rendered":"<p>Puerto Plata.\u2014El ciudadano L\u00e1zaro Javier Tejeda Rodr\u00edguez enfrenta un proceso penal en el Distrito Judicial de Puerto Plata por presuntas violaciones a la Ley 50-88 sobre Drogas y Sustancias Controladas, mientras permanece en libertad a la espera de la continuaci\u00f3n del juicio fijada para el 25 de mayo de 2026. De acuerdo con el acta [&hellip;]<\/p>\n","protected":false},"author":1,"featured_media":25790,"comment_status":"open","ping_status":"open","sticky":false,"template":"","format":"standard","meta":{"amp_status":"","footnotes":""},"categories":[3],"tags":[],"class_list":["post-25789","post","type-post","status-publish","format-standard","has-post-thumbnail","hentry","category-de-ultimo-minuto"],"_links":{"self":[{"href":"https:\/\/ermdigital.com\/index.php\/wp-json\/wp\/v2\/posts\/25789","targetHints":{"allow":["GET"]}}],"collection":[{"href":"https:\/\/ermdigital.com\/index.php\/wp-json\/wp\/v2\/posts"}],"about":[{"href":"https:\/\/ermdigital.com\/index.php\/wp-json\/wp\/v2\/types\/post"}],"author":[{"embeddable":true,"href":"https:\/\/ermdigital.com\/index.php\/wp-json\/wp\/v2\/users\/1"}],"replies":[{"embeddable":true,"href":"https:\/\/ermdigital.com\/index.php\/wp-json\/wp\/v2\/comments?post=25789"}],"version-history":[{"count":0,"href":"https:\/\/ermdigital.com\/index.php\/wp-json\/wp\/v2\/posts\/25789\/revisions"}],"wp:featuredmedia":[{"embeddable":true,"href":"https:\/\/ermdigital.com\/index.php\/wp-json\/wp\/v2\/media\/25790"}],"wp:attachment":[{"href":"https:\/\/ermdigital.com\/index.php\/wp-json\/wp\/v2\/media?parent=25789"}],"wp:term":[{"taxonomy":"category","embeddable":true,"href":"https:\/\/ermdigital.com\/index.php\/wp-json\/wp\/v2\/categories?post=25789"},{"taxonomy":"post_tag","embeddable":true,"href":"https:\/\/ermdigital.com\/index.php\/wp-json\/wp\/v2\/tags?post=25789"}],"curies":[{"name":"wp","href":"https:\/\/api.w.org\/{rel}","templated":true}]}}