{"id":25787,"date":"2026-04-28T20:57:09","date_gmt":"2026-04-29T00:57:09","guid":{"rendered":"https:\/\/ermdigital.com\/index.php\/2026\/04\/28\/reabren-el-museo-nacional-de-historia-y-geografia-con-renovadas-salas-y-enfoque-moderno\/"},"modified":"2026-04-28T20:57:09","modified_gmt":"2026-04-29T00:57:09","slug":"reabren-el-museo-nacional-de-historia-y-geografia-con-renovadas-salas-y-enfoque-moderno","status":"publish","type":"post","link":"https:\/\/ermdigital.com\/index.php\/2026\/04\/28\/reabren-el-museo-nacional-de-historia-y-geografia-con-renovadas-salas-y-enfoque-moderno\/","title":{"rendered":"Reabren el Museo Nacional de Historia y Geograf\u00eda con renovadas salas y enfoque moderno"},"content":{"rendered":"<p><em><strong>Santo Domingo.\u2013<\/strong><\/em> Con una propuesta museogr\u00e1fica actualizada y espacios completamente <a href=\"https:\/\/deultimominuto.net\/estilo\/museo-historia-guerra-de-abril\/\">reacondicionados<\/a>, el Museo Nacional de Historia y Geograf\u00eda volvi\u00f3 a abrir sus puertas este martes, en una ceremonia encabezada por el presidente Luis Abinader, junto al ministro de Cultura, Roberto \u00c1ngel Salcedo.<\/p>\n<p>El recinto, ubicado en la Plaza de la Cultura Juan Pablo Duarte, presenta una imagen renovada que busca acercar la historia nacional a las nuevas generaciones mediante recursos m\u00e1s din\u00e1micos e interactivos. Esta reapertura se enmarca dentro de los esfuerzos del Estado por fortalecer la difusi\u00f3n del patrimonio hist\u00f3rico y cultural del pa\u00eds.<\/p>\n<p>Desde el a\u00f1o 2023, la instituci\u00f3n honra el nombre del destacado historiador Emilio Cordero Michel, reafirmando su legado en la investigaci\u00f3n y ense\u00f1anza de la historia dominicana.<\/p>\n<p>Durante el acto protocolar estuvieron presentes diversas autoridades del \u00e1mbito cultural, entre ellas Carlos And\u00fajar, Jos\u00e9 Guerrero S\u00e1nchez y Marcial Najri.<\/p>\n<h5 class=\"wp-block-heading\"><strong>Recomendamos leer:<a href=\"https:\/\/deultimominuto.net\/nacionales\/abinader-juramenta-comision\/\">Abinader juramenta comisi\u00f3n para el funcionamiento del Museo Hist\u00f3rico de la Gesta de Abril<\/a><\/strong><\/h5>\n<p>Como parte de la renovaci\u00f3n, fueron habilitadas siete salas tem\u00e1ticas con nuevos recursos narrativos y visuales: Guerra de Abril, La Patria, Los Presidentes, Trujillo: una era de terror, La Guerrilla de Caama\u00f1o, adem\u00e1s de la colecci\u00f3n museogr\u00e1fica y el Jard\u00edn de Hostos.<\/p>\n<p>Tras el corte de cinta, el jefe de Estado realiz\u00f3 un recorrido por las instalaciones, donde pudo apreciar las mejoras implementadas y conocer de primera mano los contenidos actualizados de cada espacio.<\/p>\n<p>El ministro de Cultura resalt\u00f3 que esta reapertura responde a una estrategia orientada a fortalecer la pol\u00edtica cultural del pa\u00eds, promoviendo el acceso al conocimiento hist\u00f3rico, especialmente entre j\u00f3venes y estudiantes. En tanto, el presidente destac\u00f3 la relevancia de estos espacios como herramientas clave para consolidar la identidad nacional.<\/p>\n<p>Fundado en 1981 e inaugurado en 1982, el Museo Nacional de Historia y Geograf\u00eda retoma sus funciones con una propuesta renovada, consolid\u00e1ndose como un centro de educaci\u00f3n, reflexi\u00f3n y preservaci\u00f3n de la memoria hist\u00f3rica <a href=\"https:\/\/deultimominuto.net\/nacionales\/abinader-juramenta-comision-para-activar-museo-de-la-gesta-de-abril\/\">dominicana<\/a>.<\/p>\n<\/p>\n<p>\u200bSanto Domingo.\u2013 Con una propuesta museogr\u00e1fica actualizada y espacios completamente reacondicionados, el Museo Nacional de Historia y Geograf\u00eda volvi\u00f3 a abrir sus puertas este martes, en una ceremonia encabezada por el presidente Luis Abinader, junto al ministro de Cultura, Roberto \u00c1ngel Salcedo. El recinto, ubicado en la Plaza de la Cultura Juan Pablo Duarte, presenta\u00a0\u00a0Nacionales, Museo\u00a0\u00a0<\/p>\n","protected":false},"excerpt":{"rendered":"<p>Santo Domingo.\u2013 Con una propuesta museogr\u00e1fica actualizada y espacios completamente reacondicionados, el Museo Nacional de Historia y Geograf\u00eda volvi\u00f3 a abrir sus puertas este martes, en una ceremonia encabezada por el presidente Luis Abinader, junto al ministro de Cultura, Roberto \u00c1ngel Salcedo. El recinto, ubicado en la Plaza de la Cultura Juan Pablo Duarte, presenta [&hellip;]<\/p>\n","protected":false},"author":1,"featured_media":25788,"comment_status":"open","ping_status":"open","sticky":false,"template":"","format":"standard","meta":{"amp_status":"","footnotes":""},"categories":[3],"tags":[],"class_list":["post-25787","post","type-post","status-publish","format-standard","has-post-thumbnail","hentry","category-de-ultimo-minuto"],"_links":{"self":[{"href":"https:\/\/ermdigital.com\/index.php\/wp-json\/wp\/v2\/posts\/25787","targetHints":{"allow":["GET"]}}],"collection":[{"href":"https:\/\/ermdigital.com\/index.php\/wp-json\/wp\/v2\/posts"}],"about":[{"href":"https:\/\/ermdigital.com\/index.php\/wp-json\/wp\/v2\/types\/post"}],"author":[{"embeddable":true,"href":"https:\/\/ermdigital.com\/index.php\/wp-json\/wp\/v2\/users\/1"}],"replies":[{"embeddable":true,"href":"https:\/\/ermdigital.com\/index.php\/wp-json\/wp\/v2\/comments?post=25787"}],"version-history":[{"count":0,"href":"https:\/\/ermdigital.com\/index.php\/wp-json\/wp\/v2\/posts\/25787\/revisions"}],"wp:featuredmedia":[{"embeddable":true,"href":"https:\/\/ermdigital.com\/index.php\/wp-json\/wp\/v2\/media\/25788"}],"wp:attachment":[{"href":"https:\/\/ermdigital.com\/index.php\/wp-json\/wp\/v2\/media?parent=25787"}],"wp:term":[{"taxonomy":"category","embeddable":true,"href":"https:\/\/ermdigital.com\/index.php\/wp-json\/wp\/v2\/categories?post=25787"},{"taxonomy":"post_tag","embeddable":true,"href":"https:\/\/ermdigital.com\/index.php\/wp-json\/wp\/v2\/tags?post=25787"}],"curies":[{"name":"wp","href":"https:\/\/api.w.org\/{rel}","templated":true}]}}