{"id":25785,"date":"2026-04-28T20:58:41","date_gmt":"2026-04-29T00:58:41","guid":{"rendered":"https:\/\/ermdigital.com\/index.php\/2026\/04\/28\/bnya-resalta-sus-raices-dominicanas-al-lanzar-en-merengue-su-tema-positivo\/"},"modified":"2026-04-28T20:58:41","modified_gmt":"2026-04-29T00:58:41","slug":"bnya-resalta-sus-raices-dominicanas-al-lanzar-en-merengue-su-tema-positivo","status":"publish","type":"post","link":"https:\/\/ermdigital.com\/index.php\/2026\/04\/28\/bnya-resalta-sus-raices-dominicanas-al-lanzar-en-merengue-su-tema-positivo\/","title":{"rendered":"BNYA resalta sus ra\u00edces dominicanas al lanzar en merengue su tema \u201cPositivo\u201d"},"content":{"rendered":"<p>Una propuesta musical que honra sus ra\u00edces y fusiona la esencia tropical del merengue con sonidos modernos y tendencias actuales.<\/p>\n<p>Santo Domingo, R.D. \u2013 El artista urbano Benjam\u00edn Kammer, conocido art\u00edsticamente como \u201cBNYA\u201d, contin\u00faa consolidando su ascendente carrera internacional con el lanzamiento de la versi\u00f3n en merengue de su exitoso sencillo \u201cPositivo\u201d, una propuesta musical que honra sus ra\u00edces dominicanas y fusiona la esencia tropical del merengue con sonidos modernos y tendencias actuales.<\/p>\n<p>Nacido en Suiza y criado en Z\u00farich, pero profundamente conectado con su herencia dominicana, BNYA apuesta por esta nueva adaptaci\u00f3n como una poderosa declaraci\u00f3n de identidad cultural, llevando el ritmo nacional a escenarios internacionales con una visi\u00f3n fresca, energ\u00e9tica y global. El tema original \u201cPositivo\u201d marc\u00f3 un antes y un despu\u00e9s en su carrera al otorgarle el primer lugar en la World Song Cup 2025, representando a Rep\u00fablica Dominicana entre m\u00e1s de 1,000 artistas de 151 pa\u00edses.<\/p>\n<p><strong>Te puede interesar:<\/strong> <a href=\"https:\/\/deultimominuto.net\/entretenimiento\/manny-cruz-logra-su-primer-disco-de-oro\/\" data-type=\"post\" data-id=\"647112\">Manny Cruz logra su primer disco de oro<\/a><\/p>\n<p>Con esta nueva versi\u00f3n, BNYA transforma el mensaje inspirador de<strong><a href=\"https:\/\/www.youtube.com\/watch?v=u6m5McXdThE&amp;list=RDu6m5McXdThE&amp;start_radio=1\" data-type=\"link\" data-id=\"https:\/\/www.youtube.com\/watch?v=u6m5McXdThE&amp;list=RDu6m5McXdThE&amp;start_radio=1\" target=\"_blank\" rel=\"noopener\"> \u201cPositivo\u201d <\/a><\/strong>en una celebraci\u00f3n bailable que conecta generaciones, ampliando su alcance dentro del mercado latino, la canci\u00f3n est\u00e1 disponible en todas las plataformas digitales.<\/p>\n<p>Como parte de su crecimiento internacional, el cantante realiz\u00f3 recientemente una exitosa gira de medios por la costa norte de Colombia, recorriendo ciudades claves como Cartagena, Barranquilla y Santa Marta, donde conquist\u00f3 importantes plataformas radiales, televisivas, digitales y medios escritos.<\/p>\n<p>El crecimiento de BNYA tambi\u00e9n se fortalece gracias a su nueva alianza estrat\u00e9gica con AS Creativa y el manejo de su manager Jos\u00e9 Gonz\u00e1lez, impulsando una etapa de expansi\u00f3n que incluir\u00e1 pr\u00f3ximas giras promocionales por Panam\u00e1, Ecuador, Espa\u00f1a y Suiza.<\/p>\n<p>Con su pr\u00f3ximo EP \u201cOtra Galaxia\u201d, BNYA se prepara para seguir rompiendo fronteras con una propuesta art\u00edstica que mezcla reggaet\u00f3n, m\u00fasica latina, electr\u00f3nica y ahora merengue, demostrando versatilidad, visi\u00f3n y compromiso con representar la cultura dominicana en cada escenario, como una de las promesas urbanas de mayor proyecci\u00f3n internacional, llevando un mensaje positivo y aut\u00e9ntico que conecta con audiencias alrededor del mundo<\/p>\n<p>\u200bUna propuesta musical que honra sus ra\u00edces y fusiona la esencia tropical del merengue con sonidos modernos y tendencias actuales. Santo Domingo, R.D. \u2013 El artista urbano Benjam\u00edn Kammer, conocido art\u00edsticamente como \u201cBNYA\u201d, contin\u00faa consolidando su ascendente carrera internacional con el lanzamiento de la versi\u00f3n en merengue de su exitoso sencillo \u201cPositivo\u201d, una propuesta musical\u00a0\u00a0Entretenimiento, Merengue\u00a0\u00a0<\/p>\n","protected":false},"excerpt":{"rendered":"<p>Una propuesta musical que honra sus ra\u00edces y fusiona la esencia tropical del merengue con sonidos modernos y tendencias actuales. Santo Domingo, R.D. \u2013 El artista urbano Benjam\u00edn Kammer, conocido art\u00edsticamente como \u201cBNYA\u201d, contin\u00faa consolidando su ascendente carrera internacional con el lanzamiento de la versi\u00f3n en merengue de su exitoso sencillo \u201cPositivo\u201d, una propuesta musical [&hellip;]<\/p>\n","protected":false},"author":1,"featured_media":25786,"comment_status":"open","ping_status":"open","sticky":false,"template":"","format":"standard","meta":{"amp_status":"","footnotes":""},"categories":[3],"tags":[],"class_list":["post-25785","post","type-post","status-publish","format-standard","has-post-thumbnail","hentry","category-de-ultimo-minuto"],"_links":{"self":[{"href":"https:\/\/ermdigital.com\/index.php\/wp-json\/wp\/v2\/posts\/25785","targetHints":{"allow":["GET"]}}],"collection":[{"href":"https:\/\/ermdigital.com\/index.php\/wp-json\/wp\/v2\/posts"}],"about":[{"href":"https:\/\/ermdigital.com\/index.php\/wp-json\/wp\/v2\/types\/post"}],"author":[{"embeddable":true,"href":"https:\/\/ermdigital.com\/index.php\/wp-json\/wp\/v2\/users\/1"}],"replies":[{"embeddable":true,"href":"https:\/\/ermdigital.com\/index.php\/wp-json\/wp\/v2\/comments?post=25785"}],"version-history":[{"count":0,"href":"https:\/\/ermdigital.com\/index.php\/wp-json\/wp\/v2\/posts\/25785\/revisions"}],"wp:featuredmedia":[{"embeddable":true,"href":"https:\/\/ermdigital.com\/index.php\/wp-json\/wp\/v2\/media\/25786"}],"wp:attachment":[{"href":"https:\/\/ermdigital.com\/index.php\/wp-json\/wp\/v2\/media?parent=25785"}],"wp:term":[{"taxonomy":"category","embeddable":true,"href":"https:\/\/ermdigital.com\/index.php\/wp-json\/wp\/v2\/categories?post=25785"},{"taxonomy":"post_tag","embeddable":true,"href":"https:\/\/ermdigital.com\/index.php\/wp-json\/wp\/v2\/tags?post=25785"}],"curies":[{"name":"wp","href":"https:\/\/api.w.org\/{rel}","templated":true}]}}