{"id":25783,"date":"2026-04-28T21:06:47","date_gmt":"2026-04-29T01:06:47","guid":{"rendered":"https:\/\/ermdigital.com\/index.php\/2026\/04\/28\/espana-reafirma-apoyo-a-haiti-y-ofrece-ayuda-economica-y-policial-para-frenar-a-las-bandas\/"},"modified":"2026-04-28T21:06:47","modified_gmt":"2026-04-29T01:06:47","slug":"espana-reafirma-apoyo-a-haiti-y-ofrece-ayuda-economica-y-policial-para-frenar-a-las-bandas","status":"publish","type":"post","link":"https:\/\/ermdigital.com\/index.php\/2026\/04\/28\/espana-reafirma-apoyo-a-haiti-y-ofrece-ayuda-economica-y-policial-para-frenar-a-las-bandas\/","title":{"rendered":"Espa\u00f1a reafirma apoyo a Hait\u00ed y ofrece ayuda econ\u00f3mica y policial para frenar a las bandas"},"content":{"rendered":"<p><strong>Santo Domingo.-<\/strong> El ministro espa\u00f1ol de Asuntos Exteriores, Jos\u00e9 Manuel Albares, reafirm\u00f3 este martes el compromiso de Espa\u00f1a con la estabilidad de Hait\u00ed, sumido desde hace a\u00f1os en una crisis multifactorial, agravada por la violencia de las bandas armadas.<\/p>\n<p>\"Lo que nosotros deseamos para Hait\u00ed, por supuesto, y trabajamos conjuntamente con Rep\u00fablica Dominicana es en un primer momento que desaparezcan todas las bandas, en un segundo momento la estabilidad del pa\u00eds y en un tercer momento su desarrollo\", dijo Albares en declaraciones a la prensa espa\u00f1ola durante su visita oficial a la Rep\u00fablica Dominicana, vecina de Hait\u00ed.<\/p>\n<p>Espa\u00f1a \"va a estar ah\u00ed. Somos uno de los pocos pa\u00edses del mundo que nunca ha cerrado su embajada, que la ha mantenido. Nuestra cooperaci\u00f3n ha intentado trabajar siempre que ha sido posible\", apunt\u00f3 el diplom\u00e1tico espa\u00f1ol, quien previamente se reuni\u00f3 con su hom\u00f3logo dominicano, Roberto \u00c1lvarez, en la Canciller\u00eda dominicana, y con quien, asegur\u00f3, tambi\u00e9n abord\u00f3 la crisis haitiana.<\/p>\n<p>\"Espa\u00f1a ha estado presente y lo volver\u00e1 a estar\" en Hait\u00ed, que cuenta con una nueva Fuerza de Supresi\u00f3n de Pandillas (GSF, por sus siglas en ingl\u00e9s), cuyos primeros contingentes llegaron a principios de este mes y que contar\u00e1 con uniformados procedentes de \u00c1frica, Asia, Am\u00e9rica Latina y el Caribe.<\/p>\n<p>El diplom\u00e1tico espa\u00f1ol record\u00f3 que hace dos a\u00f1os, cuando se baraj\u00f3 otra fuerza multinacional para ayudar a la estabilidad de Hait\u00ed, Espa\u00f1a habl\u00f3 de una contribuci\u00f3n econ\u00f3mica y de una participaci\u00f3n en el \u00e1mbito policial.<\/p>\n<h4 class=\"wp-block-heading\"><strong>Recomendamos leer:<a href=\"https:\/\/deultimominuto.net\/enlaces\/\" data-type=\"page\" data-id=\"491852\"> Espa\u00f1a invitar\u00e1 a Delcy Rodr\u00edguez a la Cumbre Iberoamericana en Madrid, adelanta Albares<\/a><\/strong><a href=\"https:\/\/deultimominuto.net\/category\/nacionales\/\"><\/a><\/h4>\n<p>Ahora, la misi\u00f3n desplegada en el deprimido pa\u00eds no es \"exactamente igual\" a la que se habl\u00f3 entonces, pero \"en cualquier caso, Espa\u00f1a, como en anteriores ocasiones, est\u00e1 dispuesta a participar de ambas formas\", afirm\u00f3.<\/p>\n<p>Las bandas armada haitianas han expandido su dominio este \u00faltimo a\u00f1o m\u00e1s all\u00e1 de Puerto Pr\u00edncipe, la capital de Hait\u00ed, hacia los departamentos de Centro y Artibonite, en medio de altos niveles de violencia entre pandillas, fuerzas de seguridad, empresas privadas y grupos de \"autodefensa\".<\/p>\n<p>Entre el 1 de marzo de 2025 y el 15 de enero de este a\u00f1o ha habido 5.519 muertos y 2.608 heridos, seg\u00fan cifras oficiales.<\/p>\n<p>\u200bSanto Domingo.- El ministro espa\u00f1ol de Asuntos Exteriores, Jos\u00e9 Manuel Albares, reafirm\u00f3 este martes el compromiso de Espa\u00f1a con la estabilidad de Hait\u00ed, sumido desde hace a\u00f1os en una crisis multifactorial, agravada por la violencia de las bandas armadas. \"Lo que nosotros deseamos para Hait\u00ed, por supuesto, y trabajamos conjuntamente con Rep\u00fablica Dominicana es en\u00a0\u00a0Internacionales, Espa\u00f1a, Hait\u00ed\u00a0\u00a0<\/p>\n","protected":false},"excerpt":{"rendered":"<p>Santo Domingo.- El ministro espa\u00f1ol de Asuntos Exteriores, Jos\u00e9 Manuel Albares, reafirm\u00f3 este martes el compromiso de Espa\u00f1a con la estabilidad de Hait\u00ed, sumido desde hace a\u00f1os en una crisis multifactorial, agravada por la violencia de las bandas armadas. \"Lo que nosotros deseamos para Hait\u00ed, por supuesto, y trabajamos conjuntamente con Rep\u00fablica Dominicana es en [&hellip;]<\/p>\n","protected":false},"author":1,"featured_media":25784,"comment_status":"open","ping_status":"open","sticky":false,"template":"","format":"standard","meta":{"amp_status":"","footnotes":""},"categories":[3],"tags":[],"class_list":["post-25783","post","type-post","status-publish","format-standard","has-post-thumbnail","hentry","category-de-ultimo-minuto"],"_links":{"self":[{"href":"https:\/\/ermdigital.com\/index.php\/wp-json\/wp\/v2\/posts\/25783","targetHints":{"allow":["GET"]}}],"collection":[{"href":"https:\/\/ermdigital.com\/index.php\/wp-json\/wp\/v2\/posts"}],"about":[{"href":"https:\/\/ermdigital.com\/index.php\/wp-json\/wp\/v2\/types\/post"}],"author":[{"embeddable":true,"href":"https:\/\/ermdigital.com\/index.php\/wp-json\/wp\/v2\/users\/1"}],"replies":[{"embeddable":true,"href":"https:\/\/ermdigital.com\/index.php\/wp-json\/wp\/v2\/comments?post=25783"}],"version-history":[{"count":0,"href":"https:\/\/ermdigital.com\/index.php\/wp-json\/wp\/v2\/posts\/25783\/revisions"}],"wp:featuredmedia":[{"embeddable":true,"href":"https:\/\/ermdigital.com\/index.php\/wp-json\/wp\/v2\/media\/25784"}],"wp:attachment":[{"href":"https:\/\/ermdigital.com\/index.php\/wp-json\/wp\/v2\/media?parent=25783"}],"wp:term":[{"taxonomy":"category","embeddable":true,"href":"https:\/\/ermdigital.com\/index.php\/wp-json\/wp\/v2\/categories?post=25783"},{"taxonomy":"post_tag","embeddable":true,"href":"https:\/\/ermdigital.com\/index.php\/wp-json\/wp\/v2\/tags?post=25783"}],"curies":[{"name":"wp","href":"https:\/\/api.w.org\/{rel}","templated":true}]}}