{"id":25779,"date":"2026-04-28T21:21:54","date_gmt":"2026-04-29T01:21:54","guid":{"rendered":"https:\/\/ermdigital.com\/index.php\/2026\/04\/28\/mundial-2026-fifa-aumenta-los-montos-a-repartir\/"},"modified":"2026-04-28T21:21:54","modified_gmt":"2026-04-29T01:21:54","slug":"mundial-2026-fifa-aumenta-los-montos-a-repartir","status":"publish","type":"post","link":"https:\/\/ermdigital.com\/index.php\/2026\/04\/28\/mundial-2026-fifa-aumenta-los-montos-a-repartir\/","title":{"rendered":"Mundial 2026: FIFA aumenta los montos a repartir"},"content":{"rendered":"<p>\u00a0\u00a0<\/p>\n<p>&lt;app-viewer-title&gt;&lt;\/app-viewer-title&gt;<\/p>\n<p>La <strong>FIFA<\/strong> anunci\u00f3 un fuerte <strong>aumento<\/strong> en las <strong>distribuciones financieras<\/strong> totales para el Mundial de 2026, elevando los pagos en efectivo a casi 900 millones de d\u00f3lares en total tras la preocupaci\u00f3n por el fuerte incremento de los costos para las selecciones que participan en el torneo en <strong>Norteam\u00e9rica<\/strong>.<\/p>\n<p>En un <strong>comunicado<\/strong> dado a conocer el martes, la <strong>FIFA<\/strong> dijo que el dinero repartido ascender\u00e1 ahora a <strong>871 millones de d\u00f3lares<\/strong>, frente a la cifra inicial de 727 millones anunciada en diciembre.<\/p>\n<p>El anuncio se produce tras una <strong>reuni\u00f3n<\/strong> del <strong>consejo directivo<\/strong> de la <strong>FIFA<\/strong> previa al <strong>Congreso<\/strong> del organismo, que tendr\u00e1 lugar el jueves en Vancouver.<\/p>\n<p>El fuerte <strong>aumento<\/strong> se produce despu\u00e9s de que, seg\u00fan informes, varias <strong>federaciones miembro<\/strong> de la <strong>FIFA<\/strong> expresaran su preocupaci\u00f3n de que los elevados <strong>costos de viaje<\/strong>, impuestos y operaciones en general pudieran provocar p\u00e9rdidas econ\u00f3micas por participar en el Mundial, que se jugar\u00e1 en Canad\u00e1, M\u00e9xico y Estados Unidos del 11 de junio al 19 de julio.<\/p>\n<p>La <strong>FIFA<\/strong> ha decidido ahora aliviar esas preocupaciones, aumentando la <strong>asignaci\u00f3n<\/strong> de 1,5 millones de d\u00f3lares para costos de preparaci\u00f3n a <strong>2,5 millones<\/strong> para cada una de las 48 selecciones clasificadas.<\/p>\n<p>El <strong>pago original<\/strong> de <strong>9 millones<\/strong> de d\u00f3lares por clasificarse al Mundial tambi\u00e9n se ha incrementado a <strong>10 millones<\/strong>.<\/p>\n<p>Otras <strong>contribuciones<\/strong> para los costos de las delegaciones y un <strong>aumento<\/strong> en las <strong>asignaciones de entradas<\/strong> para los equipos tambi\u00e9n forman parte del incremento total.<\/p>\n<p>\"La <strong>FIFA<\/strong> est\u00e1 orgullosa de encontrarse en la <strong>posici\u00f3n financiera<\/strong> m\u00e1s s\u00f3lida de su historia, lo que nos permite ayudar a todas nuestras asociaciones miembro de una manera sin precedentes\", dijo el presidente del organismo rector del <strong>f\u00fatbol<\/strong>, <strong>Gianni Infantino<\/strong>, en un <strong>comunicado<\/strong>.<\/p>\n<p>\"Este es un ejemplo m\u00e1s de c\u00f3mo los <strong>recursos<\/strong> de la <strong>FIFA<\/strong> se reinvierten en el <strong>f\u00fatbol<\/strong>\", agreg\u00f3.<\/p>\n<p>Se estima que la <strong>FIFA<\/strong> ingresar\u00e1 alrededor de <strong>13.000 millones de d\u00f3lares<\/strong> en el actual ciclo de cuatro a\u00f1os del Mundial, que concluye con la Copa del Mundo m\u00e1s grande de la historia.<\/p>\n<p>El <strong>premio en met\u00e1lico<\/strong> de la <strong>FIFA<\/strong> para el <strong>Mundial 2026<\/strong> anunciado el a\u00f1o pasado ya hab\u00eda superado el dinero entregado en Catar 2022, con un <strong>aumento<\/strong> del 50%.<\/p>\n<div class=\"w-full pt-2 float-left inside-related\"><strong>RELACIONADAS<\/strong><\/p>\n<article class=\"flex flex-wrap border-b pb-4 mb-3 inline-block\">\n<div class=\"xl:w-2\/12 w-4\/12\">\n<figure class=\"mb-0\"><img loading=\"lazy\" decoding=\"async\" src=\"https:\/\/resources.diariolibre.com\/images\/2026\/04\/10\/katia-garcia-sera-la-primera-arbitro-un-en-mundial-de-futbol-5be62824-focus-min0.21-0.09-149-99.jpg\" width=\"149\" height=\"99\" title=\"La  mexicana Katia Garc\u00eda ser\u00e1 la primera \u00e1rbitra un en Mundial de F\u00fatbol masculino\" alt=\"La  mexicana Katia Garc\u00eda ser\u00e1 la primera \u00e1rbitra un en Mundial de F\u00fatbol masculino\" class=\"object-cover\" \/><\/figure>\n<\/div>\n<\/article>\n<article class=\"flex flex-wrap border-b pb-4 mb-3 inline-block\">\n<div class=\"xl:w-2\/12 w-4\/12\">\n<figure class=\"mb-0\"><img loading=\"lazy\" decoding=\"async\" src=\"https:\/\/resources.diariolibre.com\/images\/2026\/04\/15\/mundial-2026-deschamps-confirma-la-baja-de-ekitike-con-francia-791f6db5-focus-0.01-0.62-149-99.jpg\" width=\"149\" height=\"99\" title=\"Deschamps confirma la baja de Ekitik\u00e9 con Francia para el Mundial 2026\" alt=\"Deschamps confirma la baja de Ekitik\u00e9 con Francia para el Mundial 2026\" class=\"object-cover\" \/><\/figure>\n<\/div>\n<\/article>\n<article class=\"flex flex-wrap border-b pb-4 mb-3 inline-block\">\n<div class=\"xl:w-2\/12 w-4\/12\">\n<figure class=\"mb-0\"><img loading=\"lazy\" decoding=\"async\" src=\"https:\/\/resources.diariolibre.com\/images\/2025\/10\/22\/mundial-de-futbol-wisin-dice-que-himno-mundial-es-proyecto-de-paz-e30bdb5d-focus-0-0-149-99.jpg\" width=\"149\" height=\"99\" title=\"FIFA activa nueva fase de venta de entradas para el Mundial 2026\" alt=\"FIFA activa nueva fase de venta de entradas para el Mundial 2026\" class=\"object-cover\" \/><\/figure>\n<\/div>\n<\/article>\n<\/div>\n<p>Seg\u00fan las cifras anunciadas el a\u00f1o pasado, la <strong>selecci\u00f3n ganadora<\/strong> del Mundial recibir\u00e1 <strong>50 millones<\/strong> de d\u00f3lares, mientras que el subcampe\u00f3n obtendr\u00e1 33 millones. El equipo que termine en tercer lugar recibir\u00e1 29 millones de d\u00f3lares y el cuarto 27 millones.<\/p>\n<p>rcw\/js\/ma\/cl<\/p>\n<div class=\"border-t border-b py-2 my-5 tags-container\"><strong>TEMAS &#8211; <\/strong><\/p>\n<ul>\n<li>\n<div class=\"inline-block border p-2 rounded-full align-middle\">\n<p><a href=\"https:\/\/www.diariolibre.com\/tags\/mundial-2026\/74292\" title=\"Mundial 2026\">Mundial 2026<\/a><\/p>\n<\/div>\n<\/li>\n<li><\/li>\n<\/ul>\n<\/div>\n<p>\u00a0<\/p>\n","protected":false},"excerpt":{"rendered":"<p>\u00a0\u00a0 &lt;app-viewer-title&gt;&lt;\/app-viewer-title&gt; La FIFA anunci\u00f3 un fuerte aumento en las distribuciones financieras totales para el Mundial de 2026, elevando los pagos en efectivo a casi 900 millones de d\u00f3lares en total tras la preocupaci\u00f3n por el fuerte incremento de los costos para las selecciones que participan en el torneo en Norteam\u00e9rica. En un comunicado dado [&hellip;]<\/p>\n","protected":false},"author":1,"featured_media":25780,"comment_status":"open","ping_status":"open","sticky":false,"template":"","format":"standard","meta":{"amp_status":"","footnotes":""},"categories":[4],"tags":[],"class_list":["post-25779","post","type-post","status-publish","format-standard","has-post-thumbnail","hentry","category-deportes"],"_links":{"self":[{"href":"https:\/\/ermdigital.com\/index.php\/wp-json\/wp\/v2\/posts\/25779","targetHints":{"allow":["GET"]}}],"collection":[{"href":"https:\/\/ermdigital.com\/index.php\/wp-json\/wp\/v2\/posts"}],"about":[{"href":"https:\/\/ermdigital.com\/index.php\/wp-json\/wp\/v2\/types\/post"}],"author":[{"embeddable":true,"href":"https:\/\/ermdigital.com\/index.php\/wp-json\/wp\/v2\/users\/1"}],"replies":[{"embeddable":true,"href":"https:\/\/ermdigital.com\/index.php\/wp-json\/wp\/v2\/comments?post=25779"}],"version-history":[{"count":0,"href":"https:\/\/ermdigital.com\/index.php\/wp-json\/wp\/v2\/posts\/25779\/revisions"}],"wp:featuredmedia":[{"embeddable":true,"href":"https:\/\/ermdigital.com\/index.php\/wp-json\/wp\/v2\/media\/25780"}],"wp:attachment":[{"href":"https:\/\/ermdigital.com\/index.php\/wp-json\/wp\/v2\/media?parent=25779"}],"wp:term":[{"taxonomy":"category","embeddable":true,"href":"https:\/\/ermdigital.com\/index.php\/wp-json\/wp\/v2\/categories?post=25779"},{"taxonomy":"post_tag","embeddable":true,"href":"https:\/\/ermdigital.com\/index.php\/wp-json\/wp\/v2\/tags?post=25779"}],"curies":[{"name":"wp","href":"https:\/\/api.w.org\/{rel}","templated":true}]}}