{"id":25775,"date":"2026-04-28T20:49:07","date_gmt":"2026-04-29T00:49:07","guid":{"rendered":"https:\/\/ermdigital.com\/index.php\/2026\/04\/28\/presidente-abinader-encabeza-reapertura-del-museo-nacional-de-historia-y-geografia-que-fortalece-la-memoria-historica-nacional-con-valiosa-coleccion-de-objetos-y-obras\/"},"modified":"2026-04-28T20:49:07","modified_gmt":"2026-04-29T00:49:07","slug":"presidente-abinader-encabeza-reapertura-del-museo-nacional-de-historia-y-geografia-que-fortalece-la-memoria-historica-nacional-con-valiosa-coleccion-de-objetos-y-obras","status":"publish","type":"post","link":"https:\/\/ermdigital.com\/index.php\/2026\/04\/28\/presidente-abinader-encabeza-reapertura-del-museo-nacional-de-historia-y-geografia-que-fortalece-la-memoria-historica-nacional-con-valiosa-coleccion-de-objetos-y-obras\/","title":{"rendered":"Presidente Abinader encabeza reapertura del Museo Nacional de Historia y Geograf\u00eda que fortalece la memoria hist\u00f3rica nacional con valiosa colecci\u00f3n de objetos y obras"},"content":{"rendered":"<p><span class=\"field field--name-title field--type-string field--label-hidden\">Presidente Abinader encabeza reapertura del Museo Nacional de Historia y Geograf\u00eda que fortalece la memoria hist\u00f3rica nacional con valiosa colecci\u00f3n de objetos y obras<\/span><br \/>\n<span class=\"field field--name-uid field--type-entity-reference field--label-hidden\"><span>yamellrossi<\/span><\/span><br \/>\n<span class=\"field field--name-created field--type-created field--label-hidden\"><time datetime=\"2026-04-28T20:49:07-04:00\" title=\"Martes, Abril 28, 2026 - 20:49\" class=\"datetime\">28 de  Abril 2026 | 20:49<\/time><br \/>\n<\/span><\/p>\n<div class=\"clearfix text-formatted field field--name-body field--type-text-with-summary field--label-hidden field__item\">\n<p class=\"text-align-justify\"><span>Santo Domingo.- <strong>El presidente Luis Abinader<\/strong>, acompa\u00f1ado por la primera dama <strong>Raquel Arbaje<\/strong>, asisti\u00f3 al acto de <strong>reapertura<\/strong>\u00a0del <strong>Museo Nacional de Historia y Geograf\u00eda<\/strong>\u00a0(MNHG), ubicado en la Plaza de la Cultura Juan Pablo Duarte, que ahora narra la <strong>historia dominicana en renovadas salas expositivas.<\/strong><\/span><\/p>\n<p class=\"text-align-justify\"><span>Sus espacios exhiben una <strong>valiosa colecci\u00f3n de objetos y obras<\/strong>\u00a0que refuerzan la <strong>identidad nacional<\/strong>\u00a0y ofrecen una mirada cercana a \u00e9pocas y hechos que dieron paso a la <strong>conformaci\u00f3n de la Rep\u00fablica<\/strong>, como la Guerra de <strong>Independencia<\/strong>. Asimismo, el recorrido muestra lo ocurrido durante la Guerra de la <strong>Restauraci\u00f3n<\/strong>\u00a0y la Revoluci\u00f3n de <strong>Abril de 1965<\/strong>.<\/span><\/p>\n<p class=\"text-align-justify\"><span>Durante el acto, autoridades culturales destacaron <strong>el empe\u00f1o y respaldo del presidente Luis Abinader<\/strong>\u00a0para rescatar y fortalecer los espacios culturales y muse\u00edsticos del pa\u00eds y acercar a las <strong>nuevas generaciones<\/strong>\u00a0al <strong>conocimiento de la historia dominicana.<\/strong><\/span><\/p>\n<p><img decoding=\"async\" src=\"https:\/\/www.presidencia.gob.do\/sites\/default\/files\/inline-images\/1001577970.jpg\" data-entity-uuid=\"9a3c3d98-1f07-44f3-ad32-1543e8f0a6ac\" data-entity-type=\"file\" width=\"4160\" height=\"2774\" loading=\"lazy\">\n<\/p>\n<p class=\"text-align-justify\"><span>De su lado, el ministro de Cultura, <strong>Roberto \u00c1ngel Salcedo<\/strong>, resalt\u00f3 la integraci\u00f3n de unos <strong>35 museos en diferentes puntos del pa\u00eds<\/strong>, tanto del sector p\u00fablico como privado, con el prop\u00f3sito de preservar el <strong>patrimonio material e inmaterial<\/strong>\u00a0del pa\u00eds y de contribuir con la habilitaci\u00f3n de espacios para que estudiantes y toda la ciudadan\u00eda pueda conocer los <strong>procesos hist\u00f3ricos<\/strong>\u00a0de la Rep\u00fablica Dominicana.<\/span><\/p>\n<p class=\"text-align-justify\"><span>Las siete salas renovadas son: <strong>Guerra de Abril, La Patria, Los Presidentes, Trujillo: una era de terror, La Guerrilla de Caama\u00f1o<\/strong>, la colecci\u00f3n de <strong>piezas museogr\u00e1ficas<\/strong>\u00a0y <strong>El Jard\u00edn de Hostos<\/strong>, espacios dedicados a episodios y figuras fundamentales de la historia nacional que recuperan <strong>protagonismo<\/strong>\u00a0en el principal museo hist\u00f3rico del pa\u00eds.<\/span><\/p>\n<p class=\"text-align-justify\"><span>Tras el corte de cinta, el presidente Abinader recorri\u00f3 las remodeladas instalaciones junto al ministro Salcedo, acompa\u00f1ados por el director del MNHG, <strong>Jos\u00e9 Guerrero S\u00e1nchez<\/strong>, el director general de Museos, <strong>Carlos And\u00fajar, <\/strong>y el presidente del Voluntariado del museo, <strong>Marcial Najri<\/strong>, quienes ofrecieron detalles de las diversas \u00e1reas.<\/span><\/p>\n<p class=\"text-align-justify\"><span>Asimismo, Carlos And\u00fajar <strong>agradeci\u00f3<\/strong>\u00a0al presidente Abinader el respaldo brindado a la <strong>revitalizaci\u00f3n de las instituciones muse\u00edsticas<\/strong>\u00a0en todo el territorio nacional, fortaleciendo la oferta cultural, el sano entretenimiento y el apoyo a la econom\u00eda y el turismo.<\/span><\/p>\n<p><img decoding=\"async\" src=\"https:\/\/www.presidencia.gob.do\/sites\/default\/files\/inline-images\/1001577981.jpg\" data-entity-uuid=\"05384a4e-da81-4e8f-987f-aeff358df938\" data-entity-type=\"file\" width=\"4160\" height=\"2774\" loading=\"lazy\">\n<\/p>\n<p class=\"text-align-justify\"><span>Jos\u00e9 Guerrero S\u00e1nchez, por su parte, destac\u00f3 que la instituci\u00f3n recibir\u00e1 a estudiantes, investigadores y visitantes nacionales y extranjeros con una misi\u00f3n clara: preservar y difundir <strong>la memoria hist\u00f3rica y los valores que definen a la Rep\u00fablica Dominicana.<\/strong><\/span><\/p>\n<p class=\"text-align-justify\"><span>La intervenci\u00f3n incluy\u00f3 trabajos en las \u00e1reas interiores y exteriores del edificio, orientados a mejorar las condiciones de <strong>conservaci\u00f3n, accesibilidad y experiencia <\/strong>de los visitantes.<\/span><\/p>\n<p class=\"text-align-justify\"><span><strong>Historia del museo<\/strong><\/span><\/p>\n<p class=\"text-align-justify\"><span><strong>Fundado en 1981 e inaugurado el 1 de marzo de 1982 <\/strong>en el edificio del antiguo Liceo Uni\u00f3n Panamericana, el Museo Nacional de Historia y Geograf\u00eda tiene como misi\u00f3n resguardar el <strong>patrimonio hist\u00f3rico y geogr\u00e1fico<\/strong>\u00a0dominicano, as\u00ed como promover su <strong>investigaci\u00f3n cient\u00edfica<\/strong>.<\/span><\/p>\n<p class=\"text-align-justify\"><span><strong>Desde 2023<\/strong>, el edificio lleva oficialmente el nombre del historiador <strong>Emilio Cordero Michel,<\/strong>\u00a0en virtud de la <strong>Ley 23-23<\/strong>, promulgada el 28 de febrero de ese a\u00f1o.<\/span><\/p>\n<p class=\"text-align-justify\"><span>Estuvieron presentes, el presidente de la Comisi\u00f3n de Cultura de la C\u00e1mara de Diputados, <strong>Jorge Cavoli,<\/strong>\u00a0y el rector de la Universidad Aut\u00f3noma de Santo Domingo (UASD), <strong>Editrudis Beltr\u00e1n<\/strong>, as\u00ed como destacadas personalidades del \u00e1mbito cultural nacional.<\/span><\/p>\n<\/div>\n<div class=\"field field--name-field-image field--type-image field--label-hidden field__item\">  <img decoding=\"async\" loading=\"lazy\" src=\"https:\/\/www.presidencia.gob.do\/sites\/default\/files\/news\/2026-04\/1001577935_0.jpg\" width=\"4160\" height=\"2774\" alt=\"Presidente \"><\/p>\n<\/div>\n<p>\u00a0Presidente Abinader encabeza reapertura del Museo Nacional de Historia y Geograf\u00eda que fortalece la memoria hist\u00f3rica nacional con valiosa colecci\u00f3n de objetos y obras<br \/>\nyamellrossi<br \/>\n28 de  Abril 2026 | 20:49<\/p>\n<p>            Santo Domingo.- El presidente Luis Abinader, acompa\u00f1ado por la primera dama Raquel Arbaje, asisti\u00f3 al acto de reapertura\u00a0del Museo Nacional de Historia y Geograf\u00eda\u00a0(MNHG), ubicado en la Plaza de la Cultura Juan Pablo Duarte, que ahora narra la historia dominicana en renovadas salas expositivas.<br \/>\nSus espacios exhiben una valiosa colecci\u00f3n de objetos y obras\u00a0que refuerzan la identidad nacional\u00a0y ofrecen una mirada cercana a \u00e9pocas y hechos que dieron paso a la conformaci\u00f3n de la Rep\u00fablica, como la Guerra de Independencia. Asimismo, el recorrido muestra lo ocurrido durante la Guerra de la Restauraci\u00f3n\u00a0y la Revoluci\u00f3n de Abril de 1965.<br \/>\nDurante el acto, autoridades culturales destacaron el empe\u00f1o y respaldo del presidente Luis Abinader\u00a0para rescatar y fortalecer los espacios culturales y muse\u00edsticos del pa\u00eds y acercar a las nuevas generaciones\u00a0al conocimiento de la historia dominicana.<\/p>\n<p>De su lado, el ministro de Cultura, Roberto \u00c1ngel Salcedo, resalt\u00f3 la integraci\u00f3n de unos 35 museos en diferentes puntos del pa\u00eds, tanto del sector p\u00fablico como privado, con el prop\u00f3sito de preservar el patrimonio material e inmaterial\u00a0del pa\u00eds y de contribuir con la habilitaci\u00f3n de espacios para que estudiantes y toda la ciudadan\u00eda pueda conocer los procesos hist\u00f3ricos\u00a0de la Rep\u00fablica Dominicana.<br \/>\nLas siete salas renovadas son: Guerra de Abril, La Patria, Los Presidentes, Trujillo: una era de terror, La Guerrilla de Caama\u00f1o, la colecci\u00f3n de piezas museogr\u00e1ficas\u00a0y El Jard\u00edn de Hostos, espacios dedicados a episodios y figuras fundamentales de la historia nacional que recuperan protagonismo\u00a0en el principal museo hist\u00f3rico del pa\u00eds.<br \/>\nTras el corte de cinta, el presidente Abinader recorri\u00f3 las remodeladas instalaciones junto al ministro Salcedo, acompa\u00f1ados por el director del MNHG, Jos\u00e9 Guerrero S\u00e1nchez, el director general de Museos, Carlos And\u00fajar, y el presidente del Voluntariado del museo, Marcial Najri, quienes ofrecieron detalles de las diversas \u00e1reas.<br \/>\nAsimismo, Carlos And\u00fajar agradeci\u00f3\u00a0al presidente Abinader el respaldo brindado a la revitalizaci\u00f3n de las instituciones muse\u00edsticas\u00a0en todo el territorio nacional, fortaleciendo la oferta cultural, el sano entretenimiento y el apoyo a la econom\u00eda y el turismo.<\/p>\n<p>Jos\u00e9 Guerrero S\u00e1nchez, por su parte, destac\u00f3 que la instituci\u00f3n recibir\u00e1 a estudiantes, investigadores y visitantes nacionales y extranjeros con una misi\u00f3n clara: preservar y difundir la memoria hist\u00f3rica y los valores que definen a la Rep\u00fablica Dominicana.<br \/>\nLa intervenci\u00f3n incluy\u00f3 trabajos en las \u00e1reas interiores y exteriores del edificio, orientados a mejorar las condiciones de conservaci\u00f3n, accesibilidad y experiencia de los visitantes.<br \/>\nHistoria del museo<br \/>\nFundado en 1981 e inaugurado el 1 de marzo de 1982 en el edificio del antiguo Liceo Uni\u00f3n Panamericana, el Museo Nacional de Historia y Geograf\u00eda tiene como misi\u00f3n resguardar el patrimonio hist\u00f3rico y geogr\u00e1fico\u00a0dominicano, as\u00ed como promover su investigaci\u00f3n cient\u00edfica.<br \/>\nDesde 2023, el edificio lleva oficialmente el nombre del historiador Emilio Cordero Michel,\u00a0en virtud de la Ley 23-23, promulgada el 28 de febrero de ese a\u00f1o.<br \/>\nEstuvieron presentes, el presidente de la Comisi\u00f3n de Cultura de la C\u00e1mara de Diputados, Jorge Cavoli,\u00a0y el rector de la Universidad Aut\u00f3noma de Santo Domingo (UASD), Editrudis Beltr\u00e1n, as\u00ed como destacadas personalidades del \u00e1mbito cultural nacional.\u00a0\u00a0\u00a0<\/p>\n","protected":false},"excerpt":{"rendered":"<p>Presidente Abinader encabeza reapertura del Museo Nacional de Historia y Geograf\u00eda que fortalece la memoria hist\u00f3rica nacional con valiosa colecci\u00f3n de objetos y obras yamellrossi 28 de Abril 2026 | 20:49 Santo Domingo.- El presidente Luis Abinader, acompa\u00f1ado por la primera dama Raquel Arbaje, asisti\u00f3 al acto de reapertura\u00a0del Museo Nacional de Historia y Geograf\u00eda\u00a0(MNHG), [&hellip;]<\/p>\n","protected":false},"author":1,"featured_media":25776,"comment_status":"open","ping_status":"open","sticky":false,"template":"","format":"standard","meta":{"amp_status":"","footnotes":""},"categories":[8],"tags":[],"class_list":["post-25775","post","type-post","status-publish","format-standard","has-post-thumbnail","hentry","category-republica"],"_links":{"self":[{"href":"https:\/\/ermdigital.com\/index.php\/wp-json\/wp\/v2\/posts\/25775","targetHints":{"allow":["GET"]}}],"collection":[{"href":"https:\/\/ermdigital.com\/index.php\/wp-json\/wp\/v2\/posts"}],"about":[{"href":"https:\/\/ermdigital.com\/index.php\/wp-json\/wp\/v2\/types\/post"}],"author":[{"embeddable":true,"href":"https:\/\/ermdigital.com\/index.php\/wp-json\/wp\/v2\/users\/1"}],"replies":[{"embeddable":true,"href":"https:\/\/ermdigital.com\/index.php\/wp-json\/wp\/v2\/comments?post=25775"}],"version-history":[{"count":0,"href":"https:\/\/ermdigital.com\/index.php\/wp-json\/wp\/v2\/posts\/25775\/revisions"}],"wp:featuredmedia":[{"embeddable":true,"href":"https:\/\/ermdigital.com\/index.php\/wp-json\/wp\/v2\/media\/25776"}],"wp:attachment":[{"href":"https:\/\/ermdigital.com\/index.php\/wp-json\/wp\/v2\/media?parent=25775"}],"wp:term":[{"taxonomy":"category","embeddable":true,"href":"https:\/\/ermdigital.com\/index.php\/wp-json\/wp\/v2\/categories?post=25775"},{"taxonomy":"post_tag","embeddable":true,"href":"https:\/\/ermdigital.com\/index.php\/wp-json\/wp\/v2\/tags?post=25775"}],"curies":[{"name":"wp","href":"https:\/\/api.w.org\/{rel}","templated":true}]}}