{"id":25771,"date":"2026-04-28T20:35:21","date_gmt":"2026-04-29T00:35:21","guid":{"rendered":"https:\/\/ermdigital.com\/index.php\/2026\/04\/28\/espana-invita-al-presidente-abinader-a-participar-en-cumbre-iberoamericana\/"},"modified":"2026-04-28T20:35:21","modified_gmt":"2026-04-29T00:35:21","slug":"espana-invita-al-presidente-abinader-a-participar-en-cumbre-iberoamericana","status":"publish","type":"post","link":"https:\/\/ermdigital.com\/index.php\/2026\/04\/28\/espana-invita-al-presidente-abinader-a-participar-en-cumbre-iberoamericana\/","title":{"rendered":"Espa\u00f1a invita al presidente Abinader a participar en Cumbre Iberoamericana\u00a0"},"content":{"rendered":"<p>&lt;![CDATA[<\/p>\n<p>El canciller espa\u00f1ol Jos\u00e9 Manuel Albares invit\u00f3 de manera formal al presidente Luis Abinader a que participe en la XXX Cumbre Iberoamericana, que se celebrar\u00e1 en Madrid el pr\u00f3ximo mes de noviembre.<\/p>\n<p><a href=\"https:\/\/listindiario.com\/la-republica\/20260428\/espana-invita-presidente-abinader-participar-cumbre-iberoamericana_903626.html\">wf_cms.rss.read_more<\/a><\/p>\n<p>]]&gt;<\/p>\n<p>\u200bLa XXX Cumbre Iberoamericana de Jefes de Estado y de Gobierno se celebrar\u00e1 en la capital espa\u00f1ola los d\u00edas 4 y 5 de noviembre de 2026, bajo el lema: 'Iberoam\u00e9rica. Juntos construimos nuestra Comunidad. Juntos la proyectamos hacia el futuro y hacia el mundo\u2019.\u00a0\u00a0La Rep\u00fablica\u00a0<\/p>\n","protected":false},"excerpt":{"rendered":"<p>&lt;![CDATA[ El canciller espa\u00f1ol Jos\u00e9 Manuel Albares invit\u00f3 de manera formal al presidente Luis Abinader a que participe en la XXX Cumbre Iberoamericana, que se celebrar\u00e1 en Madrid el pr\u00f3ximo mes de noviembre. wf_cms.rss.read_more ]]&gt; \u200bLa XXX Cumbre Iberoamericana de Jefes de Estado y de Gobierno se celebrar\u00e1 en la capital espa\u00f1ola los d\u00edas 4 [&hellip;]<\/p>\n","protected":false},"author":1,"featured_media":25772,"comment_status":"open","ping_status":"open","sticky":false,"template":"","format":"standard","meta":{"amp_status":"","footnotes":""},"categories":[5],"tags":[],"class_list":["post-25771","post","type-post","status-publish","format-standard","has-post-thumbnail","hentry","category-politica"],"_links":{"self":[{"href":"https:\/\/ermdigital.com\/index.php\/wp-json\/wp\/v2\/posts\/25771","targetHints":{"allow":["GET"]}}],"collection":[{"href":"https:\/\/ermdigital.com\/index.php\/wp-json\/wp\/v2\/posts"}],"about":[{"href":"https:\/\/ermdigital.com\/index.php\/wp-json\/wp\/v2\/types\/post"}],"author":[{"embeddable":true,"href":"https:\/\/ermdigital.com\/index.php\/wp-json\/wp\/v2\/users\/1"}],"replies":[{"embeddable":true,"href":"https:\/\/ermdigital.com\/index.php\/wp-json\/wp\/v2\/comments?post=25771"}],"version-history":[{"count":0,"href":"https:\/\/ermdigital.com\/index.php\/wp-json\/wp\/v2\/posts\/25771\/revisions"}],"wp:featuredmedia":[{"embeddable":true,"href":"https:\/\/ermdigital.com\/index.php\/wp-json\/wp\/v2\/media\/25772"}],"wp:attachment":[{"href":"https:\/\/ermdigital.com\/index.php\/wp-json\/wp\/v2\/media?parent=25771"}],"wp:term":[{"taxonomy":"category","embeddable":true,"href":"https:\/\/ermdigital.com\/index.php\/wp-json\/wp\/v2\/categories?post=25771"},{"taxonomy":"post_tag","embeddable":true,"href":"https:\/\/ermdigital.com\/index.php\/wp-json\/wp\/v2\/tags?post=25771"}],"curies":[{"name":"wp","href":"https:\/\/api.w.org\/{rel}","templated":true}]}}