{"id":25769,"date":"2026-04-28T21:06:18","date_gmt":"2026-04-29T01:06:18","guid":{"rendered":"https:\/\/ermdigital.com\/index.php\/2026\/04\/28\/fiscalia-presenta-acusacion-formal-contra-teniente-coronel-por-la-muerte-de-joven-en-el-mirador-sur\/"},"modified":"2026-04-28T21:06:18","modified_gmt":"2026-04-29T01:06:18","slug":"fiscalia-presenta-acusacion-formal-contra-teniente-coronel-por-la-muerte-de-joven-en-el-mirador-sur","status":"publish","type":"post","link":"https:\/\/ermdigital.com\/index.php\/2026\/04\/28\/fiscalia-presenta-acusacion-formal-contra-teniente-coronel-por-la-muerte-de-joven-en-el-mirador-sur\/","title":{"rendered":"Fiscal\u00eda presenta acusaci\u00f3n formal contra teniente coronel por la muerte de joven en el Mirador Sur\u00a0"},"content":{"rendered":"<p>&lt;![CDATA[<\/p>\n<p>La <b>Fiscal\u00eda del Distrito Nacional <\/b>deposit\u00f3 formalmente la acusaci\u00f3n contra el teniente coronel del Ej\u00e9rcito, <b>Samuel El\u00edas C\u00e9spedes Valdez<\/b>, se\u00f1alado como el responsable de la muerte de la joven <b>Licairis Yalibes D\u00edaz Valenzuela<\/b>. El tr\u00e1gico suceso ocurri\u00f3 el pasado domingo 25 de enero en el Parque Mirador Sur.<\/p>\n<p><a href=\"https:\/\/listindiario.com\/la-republica\/justicia\/20260428\/fiscalia-presenta-acusacion-formal-teniente-coronel-muerte-joven-mirador-sur_903577.html\">wf_cms.rss.read_more<\/a><\/p>\n<p>]]&gt;<\/p>\n<p>\u200bAunque el imputado aleg\u00f3 que el disparo fue accidental, el informe del Instituto Nacional de Ciencias Forenses (Inacif) determin\u00f3 que la trayectoria del proyectil es incompatible con un hecho fortuito.\u00a0\u00a0Justicia\u00a0<\/p>\n","protected":false},"excerpt":{"rendered":"<p>&lt;![CDATA[ La Fiscal\u00eda del Distrito Nacional deposit\u00f3 formalmente la acusaci\u00f3n contra el teniente coronel del Ej\u00e9rcito, Samuel El\u00edas C\u00e9spedes Valdez, se\u00f1alado como el responsable de la muerte de la joven Licairis Yalibes D\u00edaz Valenzuela. El tr\u00e1gico suceso ocurri\u00f3 el pasado domingo 25 de enero en el Parque Mirador Sur. wf_cms.rss.read_more ]]&gt; \u200bAunque el imputado aleg\u00f3 [&hellip;]<\/p>\n","protected":false},"author":1,"featured_media":25770,"comment_status":"open","ping_status":"open","sticky":false,"template":"","format":"standard","meta":{"amp_status":"","footnotes":""},"categories":[5],"tags":[],"class_list":["post-25769","post","type-post","status-publish","format-standard","has-post-thumbnail","hentry","category-politica"],"_links":{"self":[{"href":"https:\/\/ermdigital.com\/index.php\/wp-json\/wp\/v2\/posts\/25769","targetHints":{"allow":["GET"]}}],"collection":[{"href":"https:\/\/ermdigital.com\/index.php\/wp-json\/wp\/v2\/posts"}],"about":[{"href":"https:\/\/ermdigital.com\/index.php\/wp-json\/wp\/v2\/types\/post"}],"author":[{"embeddable":true,"href":"https:\/\/ermdigital.com\/index.php\/wp-json\/wp\/v2\/users\/1"}],"replies":[{"embeddable":true,"href":"https:\/\/ermdigital.com\/index.php\/wp-json\/wp\/v2\/comments?post=25769"}],"version-history":[{"count":0,"href":"https:\/\/ermdigital.com\/index.php\/wp-json\/wp\/v2\/posts\/25769\/revisions"}],"wp:featuredmedia":[{"embeddable":true,"href":"https:\/\/ermdigital.com\/index.php\/wp-json\/wp\/v2\/media\/25770"}],"wp:attachment":[{"href":"https:\/\/ermdigital.com\/index.php\/wp-json\/wp\/v2\/media?parent=25769"}],"wp:term":[{"taxonomy":"category","embeddable":true,"href":"https:\/\/ermdigital.com\/index.php\/wp-json\/wp\/v2\/categories?post=25769"},{"taxonomy":"post_tag","embeddable":true,"href":"https:\/\/ermdigital.com\/index.php\/wp-json\/wp\/v2\/tags?post=25769"}],"curies":[{"name":"wp","href":"https:\/\/api.w.org\/{rel}","templated":true}]}}