{"id":25767,"date":"2026-04-28T21:13:37","date_gmt":"2026-04-29T01:13:37","guid":{"rendered":"https:\/\/ermdigital.com\/index.php\/2026\/04\/28\/con-su-hijo-de-2-anos-mujer-se-lanza-al-rio-yaque-del-norte-autoridades-buscan-al-infante\/"},"modified":"2026-04-28T21:13:37","modified_gmt":"2026-04-29T01:13:37","slug":"con-su-hijo-de-2-anos-mujer-se-lanza-al-rio-yaque-del-norte-autoridades-buscan-al-infante","status":"publish","type":"post","link":"https:\/\/ermdigital.com\/index.php\/2026\/04\/28\/con-su-hijo-de-2-anos-mujer-se-lanza-al-rio-yaque-del-norte-autoridades-buscan-al-infante\/","title":{"rendered":"Con su hijo de 2 a\u00f1os, mujer se lanza al r\u00edo Yaque del Norte; autoridades buscan al infante\u00a0"},"content":{"rendered":"<p>&lt;![CDATA[<\/p>\n<p>Una madre con problemas de salud mental se lanz\u00f3 al r\u00edo Yaque del Norte en Monte Cristi con su hijo de dos a\u00f1os. La mujer, quien logr\u00f3 ser rescatada, se encuentra bajo el cuidado de las autoridades, en tanto que iniciaron la b\u00fasqueda del ni\u00f1o en la desembocadura del afluente y zonas aleda\u00f1as.<\/p>\n<p><a href=\"https:\/\/listindiario.com\/la-republica\/20260428\/hijo-2-anos-mujer-lanza-rio-yaque-norte-rescatan-madre-buscan-infante_903561.html\">wf_cms.rss.read_more<\/a><\/p>\n<p>]]&gt;<\/p>\n<p>\u200bLa mujer Ana Mabel Infante, quien cumplir\u00e1 29 a\u00f1os este mi\u00e9rcoles 29 de abril, ha intentado quitarse la vida en reiteradas ocasiones, dijo su padre Alejandro Faride, quien asegur\u00f3 adem\u00e1s que todos los meses hay que inyectarla por su condici\u00f3n.\u00a0\u00a0La Rep\u00fablica\u00a0<\/p>\n","protected":false},"excerpt":{"rendered":"<p>&lt;![CDATA[ Una madre con problemas de salud mental se lanz\u00f3 al r\u00edo Yaque del Norte en Monte Cristi con su hijo de dos a\u00f1os. La mujer, quien logr\u00f3 ser rescatada, se encuentra bajo el cuidado de las autoridades, en tanto que iniciaron la b\u00fasqueda del ni\u00f1o en la desembocadura del afluente y zonas aleda\u00f1as. wf_cms.rss.read_more [&hellip;]<\/p>\n","protected":false},"author":1,"featured_media":25768,"comment_status":"open","ping_status":"open","sticky":false,"template":"","format":"standard","meta":{"amp_status":"","footnotes":""},"categories":[5],"tags":[],"class_list":["post-25767","post","type-post","status-publish","format-standard","has-post-thumbnail","hentry","category-politica"],"_links":{"self":[{"href":"https:\/\/ermdigital.com\/index.php\/wp-json\/wp\/v2\/posts\/25767","targetHints":{"allow":["GET"]}}],"collection":[{"href":"https:\/\/ermdigital.com\/index.php\/wp-json\/wp\/v2\/posts"}],"about":[{"href":"https:\/\/ermdigital.com\/index.php\/wp-json\/wp\/v2\/types\/post"}],"author":[{"embeddable":true,"href":"https:\/\/ermdigital.com\/index.php\/wp-json\/wp\/v2\/users\/1"}],"replies":[{"embeddable":true,"href":"https:\/\/ermdigital.com\/index.php\/wp-json\/wp\/v2\/comments?post=25767"}],"version-history":[{"count":0,"href":"https:\/\/ermdigital.com\/index.php\/wp-json\/wp\/v2\/posts\/25767\/revisions"}],"wp:featuredmedia":[{"embeddable":true,"href":"https:\/\/ermdigital.com\/index.php\/wp-json\/wp\/v2\/media\/25768"}],"wp:attachment":[{"href":"https:\/\/ermdigital.com\/index.php\/wp-json\/wp\/v2\/media?parent=25767"}],"wp:term":[{"taxonomy":"category","embeddable":true,"href":"https:\/\/ermdigital.com\/index.php\/wp-json\/wp\/v2\/categories?post=25767"},{"taxonomy":"post_tag","embeddable":true,"href":"https:\/\/ermdigital.com\/index.php\/wp-json\/wp\/v2\/tags?post=25767"}],"curies":[{"name":"wp","href":"https:\/\/api.w.org\/{rel}","templated":true}]}}