{"id":25763,"date":"2026-04-28T19:38:27","date_gmt":"2026-04-28T23:38:27","guid":{"rendered":"https:\/\/ermdigital.com\/index.php\/2026\/04\/28\/espana-invitara-a-delcy-rodriguez-a-la-cumbre-iberoamericana-en-madrid-adelanta-albares\/"},"modified":"2026-04-28T19:38:27","modified_gmt":"2026-04-28T23:38:27","slug":"espana-invitara-a-delcy-rodriguez-a-la-cumbre-iberoamericana-en-madrid-adelanta-albares","status":"publish","type":"post","link":"https:\/\/ermdigital.com\/index.php\/2026\/04\/28\/espana-invitara-a-delcy-rodriguez-a-la-cumbre-iberoamericana-en-madrid-adelanta-albares\/","title":{"rendered":"Espa\u00f1a invitar\u00e1 a Delcy Rodr\u00edguez a la Cumbre Iberoamericana en Madrid, adelanta Albares"},"content":{"rendered":"<p><strong>Santo Domingo<\/strong>.- Espa\u00f1a invitar\u00e1 a la presidenta encargada de Venezuela, <strong>Delcy Rodr\u00edguez<\/strong>, a la <strong>Cumbre Iberoamericana<\/strong> que se celebrar\u00e1 en Madrid el 4 y el 5 de noviembre, inform\u00f3 este martes el ministro espa\u00f1ol de Asuntos Exteriores, Jos\u00e9 Manuel Albares, durante una visita oficial a Rep\u00fablica Dominicana.<\/p>\n<p>\u00abEn estos momentos lo que estamos haciendo es dirigi\u00e9ndonos a todos los pa\u00edses y vamos a actuar como se act\u00faa siempre. Se invita a quien tiene la representaci\u00f3n internacional de cada pa\u00eds\u00bb, dijo\u00a0<a href=\"https:\/\/efe.com\/espana\/2026-04-20\/maria-corina-machado-venezuela-espana\/\" target=\"_blank\" rel=\"noopener\">Albares<\/a>\u00a0en un encuentro con la prensa al ser preguntado sobre si ya hab\u00edan invitado a esa cita a Delcy Rodr\u00edguez.<\/p>\n<h5 class=\"wp-block-heading\"><strong>Recomendamos leer: <a href=\"https:\/\/deultimominuto.net\/nacionales\/autoridades-intensifican-2\/\">Autoridades intensifican b\u00fasqueda de ni\u00f1o desaparecido en el r\u00edo Yaque del Norte<\/a><\/strong><\/h5>\n<p>La Cumbre Iberoamericana de Madrid \u00abno va a ser distinta de otra, la Secretar\u00eda Pro T\u00e9mpere no cambia las reglas. Hay unas reglas establecidas por todos y en todo momento las vamos a seguir\u00bb, a\u00f1adi\u00f3 el ministro espa\u00f1ol.<\/p>\n<h2 class=\"wp-block-heading\"><strong>Rep\u00fablica Dominicana tambi\u00e9n asistir\u00e1 a la cumbre en Madrid<\/strong><\/h2>\n<p>Albares tambi\u00e9n confirm\u00f3 que el presidente de la Rep\u00fablica Dominicana, Luis Abinader, asistir\u00e1 a\u00a0<a href=\"https:\/\/efe.com\/espana\/2026-01-01\/agenda-exterior-sanchez-2026\/\" target=\"_blank\" rel=\"noopener\">la Cumbre Iberoamericana<\/a>.<\/p>\n<p>El ministro espa\u00f1ol ofreci\u00f3 la informaci\u00f3n a la prensa espa\u00f1ola en la sede de\u00a0<a href=\"https:\/\/efe.com\/espana\/2026-04-28\/albares-republica-dominicana-reunion-empresarios-espanoles\/\" target=\"_blank\" rel=\"noopener\">la embajada de Espa\u00f1a en Santo Domingo<\/a>\u00a0tras un encuentro con su hom\u00f3logo dominicano, Roberto \u00c1lvarez, en la sede del ministerio de Exteriores de Rep\u00fablica Dominicana, segunda parada de su gira por Latinoam\u00e9rica que inici\u00f3 ayer en Puerto Rico y que continuar\u00e1 en M\u00e9xico.<\/p>\n<figure class=\"wp-block-image\"><img decoding=\"async\" src=\"https:\/\/i0.wp.com\/efe.com\/wp-content\/uploads\/2026\/04\/Delcy-Madrid-2.webp?resize=900%2C599&amp;ssl=1\" alt=\"Espa\u00f1a invitar\u00e1 a Delcy Rodr\u00edguez a la Cumbre Iberoamericana en Madrid, adelanta Albares\" class=\"wp-image-2643036\" title=\"Espa\u00f1a invitar\u00e1 a Delcy Rodr\u00edguez a la Cumbre Iberoamericana en Madrid, adelanta Albares | 4 |\"><figcaption class=\"wp-element-caption\">El ministro de Asuntos Exteriores de Espa\u00f1a, Jos\u00e9 Manuel Albares, habla en una rueda de prensa, este 28 de abril de 2026, en Santo Domingo (Rep\u00fablica Dominicana). EFE\/ Orlando Barr\u00eda<\/figcaption><\/figure>\n<p>\u00abHemos tra\u00eddo la carta de invitaci\u00f3n de su majestad el rey, y el canciller dominicano me ha confirmado que el presidente Abinader estar\u00e1, por supuesto, en noviembre en esa cumbre en Madrid\u00bb, declar\u00f3 Albares.<\/p>\n<p>Los dos ministros de <strong>Exteriores <\/strong>repasaron este martes los trabajos preparatorios de la Cumbre Iberoamericana de Madrid, que en esta ocasi\u00f3n tendr\u00e1 como lema \u2018Iberoam\u00e9rica. Juntos construimos nuestra comunidad. Juntos la proyectamos hacia el futuro y hacia el mundo\u2019.<\/p>\n<\/p>\n<p>\u200bSanto Domingo.- Espa\u00f1a invitar\u00e1 a la presidenta encargada de Venezuela, Delcy Rodr\u00edguez, a la Cumbre Iberoamericana que se celebrar\u00e1 en Madrid el 4 y el 5 de noviembre, inform\u00f3 este martes el ministro espa\u00f1ol de Asuntos Exteriores, Jos\u00e9 Manuel Albares, durante una visita oficial a Rep\u00fablica Dominicana. \u00abEn estos momentos lo que estamos haciendo es\u00a0\u00a0Nacionales\u00a0\u00a0<\/p>\n","protected":false},"excerpt":{"rendered":"<p>Santo Domingo.- Espa\u00f1a invitar\u00e1 a la presidenta encargada de Venezuela, Delcy Rodr\u00edguez, a la Cumbre Iberoamericana que se celebrar\u00e1 en Madrid el 4 y el 5 de noviembre, inform\u00f3 este martes el ministro espa\u00f1ol de Asuntos Exteriores, Jos\u00e9 Manuel Albares, durante una visita oficial a Rep\u00fablica Dominicana. \u00abEn estos momentos lo que estamos haciendo es [&hellip;]<\/p>\n","protected":false},"author":1,"featured_media":25764,"comment_status":"open","ping_status":"open","sticky":false,"template":"","format":"standard","meta":{"amp_status":"","footnotes":""},"categories":[3],"tags":[],"class_list":["post-25763","post","type-post","status-publish","format-standard","has-post-thumbnail","hentry","category-de-ultimo-minuto"],"_links":{"self":[{"href":"https:\/\/ermdigital.com\/index.php\/wp-json\/wp\/v2\/posts\/25763","targetHints":{"allow":["GET"]}}],"collection":[{"href":"https:\/\/ermdigital.com\/index.php\/wp-json\/wp\/v2\/posts"}],"about":[{"href":"https:\/\/ermdigital.com\/index.php\/wp-json\/wp\/v2\/types\/post"}],"author":[{"embeddable":true,"href":"https:\/\/ermdigital.com\/index.php\/wp-json\/wp\/v2\/users\/1"}],"replies":[{"embeddable":true,"href":"https:\/\/ermdigital.com\/index.php\/wp-json\/wp\/v2\/comments?post=25763"}],"version-history":[{"count":0,"href":"https:\/\/ermdigital.com\/index.php\/wp-json\/wp\/v2\/posts\/25763\/revisions"}],"wp:featuredmedia":[{"embeddable":true,"href":"https:\/\/ermdigital.com\/index.php\/wp-json\/wp\/v2\/media\/25764"}],"wp:attachment":[{"href":"https:\/\/ermdigital.com\/index.php\/wp-json\/wp\/v2\/media?parent=25763"}],"wp:term":[{"taxonomy":"category","embeddable":true,"href":"https:\/\/ermdigital.com\/index.php\/wp-json\/wp\/v2\/categories?post=25763"},{"taxonomy":"post_tag","embeddable":true,"href":"https:\/\/ermdigital.com\/index.php\/wp-json\/wp\/v2\/tags?post=25763"}],"curies":[{"name":"wp","href":"https:\/\/api.w.org\/{rel}","templated":true}]}}