{"id":25759,"date":"2026-04-28T19:50:49","date_gmt":"2026-04-28T23:50:49","guid":{"rendered":"https:\/\/ermdigital.com\/index.php\/2026\/04\/28\/el-rey-carlos-iii-pide-ante-el-congreso-de-ee-uu-apoyo-a-ucrania-y-defiende-el-papel-de-la-otan\/"},"modified":"2026-04-28T19:50:49","modified_gmt":"2026-04-28T23:50:49","slug":"el-rey-carlos-iii-pide-ante-el-congreso-de-ee-uu-apoyo-a-ucrania-y-defiende-el-papel-de-la-otan","status":"publish","type":"post","link":"https:\/\/ermdigital.com\/index.php\/2026\/04\/28\/el-rey-carlos-iii-pide-ante-el-congreso-de-ee-uu-apoyo-a-ucrania-y-defiende-el-papel-de-la-otan\/","title":{"rendered":"El rey Carlos III pide ante el Congreso de EE.UU. apoyo a Ucrania y defiende el papel de la OTAN"},"content":{"rendered":"<p><strong>Washington<\/strong>.- El rey <strong>Carlos III<\/strong> del <strong>Reino Unido<\/strong> inst\u00f3 este martes, en un discurso ante el Congreso de <strong>Estados Unidos<\/strong>, a respaldar a <strong>Ucrania<\/strong> frente a <strong>Rusia<\/strong> y defendi\u00f3 el papel de la <strong>OTAN<\/strong> en un contexto de cr\u00edticas de la Administraci\u00f3n de <strong>Donald Trump<\/strong> contra la Alianza Atl\u00e1ntica.<\/p>\n<p>El monarca record\u00f3 que Londres y Washington han \u00abluchado hombro con hombro\u00bb en la <strong>Segunda Guerra Mundial<\/strong>, la Guerra Fr\u00eda y la de Afganist\u00e1n, y afirm\u00f3 que \u00abesa misma determinaci\u00f3n inquebrantable es necesaria para la defensa de Ucrania y de su valiente pueblo, con el fin de asegurar una paz verdaderamente justa y duradera\u00bb.<\/p>\n<p>En el primer discurso de un monarca brit\u00e1nico ante el Congreso desde el de Isabel II en 1991, Carlos III subray\u00f3 que \u00abla <strong>OTAN <\/strong>est\u00e1 comprometida con la defensa mutua, protegiendo a los ciudadanos y manteniendo seguros a Norteam\u00e9rica y Europa frente a adversarios comunes\u00bb.<\/p>\n<p>Asimismo, record\u00f3 que la Alianza Atl\u00e1ntica invoc\u00f3 por primera vez su Art\u00edculo 5 de defensa colectiva tras los atentados del 11 de septiembre de 2001.<\/p>\n<figure class=\"wp-block-image\"><img decoding=\"async\" src=\"https:\/\/i0.wp.com\/efe.com\/wp-content\/uploads\/2026\/04\/congreso-2.webp?resize=900%2C600&amp;ssl=1\" alt=\"Carlos Congreso\" class=\"wp-image-2642992\" title=\"El rey Carlos III pide ante el Congreso de EE.UU. apoyo a Ucrania y defiende el papel de la OTAN | 2 |\"><figcaption class=\"wp-element-caption\">El rey Carlos III de Inglaterra durante un discurso ante una sesi\u00f3n conjunta del Congreso en el Capitolio de Estados Unidos, en Washington D. C., EE. UU.. EFE\/EPA\/Jim Lo Scalzo<\/figcaption><\/figure>\n<p>El rey hizo un alegato a los v\u00ednculos defensivos entre Washington y Londres y destac\u00f3 que militares estadounidenses y sus familias est\u00e1n destinados en el Reino Unido y viceversa.<\/p>\n<p>Tambi\u00e9n subray\u00f3 el proyecto conjunto de fabricaci\u00f3n de cazas F-35, as\u00ed como el programa de submarinos que desarrolla la alianza Aukus entre Estados Unidos, el Reino Unido y Australia, que calific\u00f3 como \u00abel m\u00e1s ambicioso de la historia\u00bb.<\/p>\n<p>\u00abNo emprendemos estos notables proyectos por sentimentalismo. Lo hacemos porque fortalecen nuestra resiliencia compartida para el futuro, haciendo a nuestros ciudadanos m\u00e1s seguros para las generaciones venideras\u00bb, declar\u00f3.<\/p>\n<h2 class=\"wp-block-heading\"><strong>La relaci\u00f3n bilateral es \u00abirrompible\u00bb<\/strong><\/h2>\n<p>\u00abComo el propio presidente Trump observ\u00f3 durante su visita de Estado a Gran Breta\u00f1a el pasado oto\u00f1o: el v\u00ednculo de parentesco e identidad entre Estados Unidos y el Reino Unido es invaluable y eterno. Es irreemplazable e irrompible\u00bb, declar\u00f3 en su intervenci\u00f3n en el Capitolio, la primera de un monarca brit\u00e1nico desde Isabel II en 1991.<\/p>\n<p>Al rememorar el 250 aniversario de la independencia de Estados Unidos, que se conmemora este a\u00f1o, el rey afirm\u00f3 que la asociaci\u00f3n entre ambos pa\u00edses \u00abnaci\u00f3 del desacuerdo, pero no es menos fuerte por ello\u00bb.<\/p>\n<p>Subray\u00f3 los valores democr\u00e1ticos compartidos entre ambas naciones y apunt\u00f3: \u00abcuando hemos encontrado esa manera de estar de acuerdo, se han producido grandes cambios no solo en beneficio de nuestros pueblos, sino de todos los pueblos\u00bb.<\/p>\n<figure class=\"wp-block-image\"><img decoding=\"async\" src=\"https:\/\/i0.wp.com\/efe.com\/wp-content\/uploads\/2026\/04\/EPA4220-USA-BRITAIN-DIPLOMACY.webp?resize=900%2C600&amp;ssl=1\" alt=\"Carlos Congreso\" class=\"wp-image-2643028\" title=\"El rey Carlos III pide ante el Congreso de EE.UU. apoyo a Ucrania y defiende el papel de la OTAN | 3 |\"><figcaption class=\"wp-element-caption\">El rey Carlos III de Inglaterra pronuncia un discurso ante una sesi\u00f3n conjunta del Congreso. EFE\/EPA\/Kylie Cooper<\/figcaption><\/figure>\n<p>Adem\u00e1s cit\u00f3 al propio Starmer: \u00abComo dijo mi primer ministro el mes pasado: \u2018la nuestra es una alianza indispensable\u2019.\u00bb\u00a0\u00a0<\/p>\n<p>El monarca concluy\u00f3 su discurso explicando que la historia com\u00fan es \u00abuna historia de reconciliaci\u00f3n, renovaci\u00f3n y de una asociaci\u00f3n extraordinaria\u00bb y que Washington y Londres han forjado \u00abuna de las alianzas m\u00e1s trascendentales de la historia humana\u00bb.<\/p>\n<p>\u00abRezo con todo mi coraz\u00f3n para que nuestra alianza contin\u00fae defendiendo nuestros valores compartidos, junto con nuestros socios en Europa, la Commonwealth y en todo el mundo, y que ignoremos los llamados que nos invitan a volvernos cada vez m\u00e1s aislacionistas\u00bb, a\u00f1adi\u00f3.<\/p>\n<p>As\u00ed, llam\u00f3 a que ambos pa\u00edses \u00abse vuelvan a comprometer el uno con el otro, en el servicio desinteresado a nuestros pueblos y a todos los pueblos del mundo\u00bb.\u00a0<\/p>\n<h2 class=\"wp-block-heading\"><strong>Condena al atentado contra Trump<\/strong><\/h2>\n<p>Carlos III inici\u00f3 su discurso con una condena al intento de asesinato contra Trump. \u00abNos reunimos tambi\u00e9n tras el incidente ocurrido no lejos de este gran edificio, que busc\u00f3 atentar contra el liderazgo de su naci\u00f3n y sembrar un miedo y una discordia m\u00e1s amplios. Perm\u00edtanme decir con determinaci\u00f3n inquebrantable: tales actos de violencia nunca tendr\u00e1n \u00e9xito\u00bb, declar\u00f3 desde la tribuna en el Capitolio, en una ceremonia en la que estuvo el vicepresidente, JD Vance, pero no Trump.<\/p>\n<p>\u00abSean cuales sean nuestras diferencias, cualesquiera que sean nuestros desacuerdos, permanecemos unidos en nuestro compromiso de defender la democracia, de proteger a todos nuestros pueblos del da\u00f1o y de honrar el valor de quienes arriesgan sus vidas cada d\u00eda al servicio de nuestros pa\u00edses\u00bb, agreg\u00f3 Carlos III en el primer discurso de un monarca en el Capitolio desde el de Isabel II en 1991.<\/p>\n<p>La visita se mantuvo a pesar del intento de asesinato contra Trump y parte de su Gobierno del pasado s\u00e1bado en la cena de corresponsales de la Casa Blanca, pero se revisaron los protocolos de seguridad.<\/p>\n<p>\u200bWashington.- El rey Carlos III del Reino Unido inst\u00f3 este martes, en un discurso ante el Congreso de Estados Unidos, a respaldar a Ucrania frente a Rusia y defendi\u00f3 el papel de la OTAN en un contexto de cr\u00edticas de la Administraci\u00f3n de Donald Trump contra la Alianza Atl\u00e1ntica. El monarca record\u00f3 que Londres y\u00a0\u00a0Internacionales\u00a0\u00a0<\/p>\n","protected":false},"excerpt":{"rendered":"<p>Washington.- El rey Carlos III del Reino Unido inst\u00f3 este martes, en un discurso ante el Congreso de Estados Unidos, a respaldar a Ucrania frente a Rusia y defendi\u00f3 el papel de la OTAN en un contexto de cr\u00edticas de la Administraci\u00f3n de Donald Trump contra la Alianza Atl\u00e1ntica. El monarca record\u00f3 que Londres y [&hellip;]<\/p>\n","protected":false},"author":1,"featured_media":25760,"comment_status":"open","ping_status":"open","sticky":false,"template":"","format":"standard","meta":{"amp_status":"","footnotes":""},"categories":[3],"tags":[],"class_list":["post-25759","post","type-post","status-publish","format-standard","has-post-thumbnail","hentry","category-de-ultimo-minuto"],"_links":{"self":[{"href":"https:\/\/ermdigital.com\/index.php\/wp-json\/wp\/v2\/posts\/25759","targetHints":{"allow":["GET"]}}],"collection":[{"href":"https:\/\/ermdigital.com\/index.php\/wp-json\/wp\/v2\/posts"}],"about":[{"href":"https:\/\/ermdigital.com\/index.php\/wp-json\/wp\/v2\/types\/post"}],"author":[{"embeddable":true,"href":"https:\/\/ermdigital.com\/index.php\/wp-json\/wp\/v2\/users\/1"}],"replies":[{"embeddable":true,"href":"https:\/\/ermdigital.com\/index.php\/wp-json\/wp\/v2\/comments?post=25759"}],"version-history":[{"count":0,"href":"https:\/\/ermdigital.com\/index.php\/wp-json\/wp\/v2\/posts\/25759\/revisions"}],"wp:featuredmedia":[{"embeddable":true,"href":"https:\/\/ermdigital.com\/index.php\/wp-json\/wp\/v2\/media\/25760"}],"wp:attachment":[{"href":"https:\/\/ermdigital.com\/index.php\/wp-json\/wp\/v2\/media?parent=25759"}],"wp:term":[{"taxonomy":"category","embeddable":true,"href":"https:\/\/ermdigital.com\/index.php\/wp-json\/wp\/v2\/categories?post=25759"},{"taxonomy":"post_tag","embeddable":true,"href":"https:\/\/ermdigital.com\/index.php\/wp-json\/wp\/v2\/tags?post=25759"}],"curies":[{"name":"wp","href":"https:\/\/api.w.org\/{rel}","templated":true}]}}