{"id":25756,"date":"2026-04-28T20:10:44","date_gmt":"2026-04-29T00:10:44","guid":{"rendered":"https:\/\/ermdigital.com\/index.php\/2026\/04\/28\/inabie-interviene-sabana-perdida-con-jornada-de-salud-en-beneficio-de-mas-de-1000-estudiantes-2\/"},"modified":"2026-04-28T20:10:44","modified_gmt":"2026-04-29T00:10:44","slug":"inabie-interviene-sabana-perdida-con-jornada-de-salud-en-beneficio-de-mas-de-1000-estudiantes-2","status":"publish","type":"post","link":"https:\/\/ermdigital.com\/index.php\/2026\/04\/28\/inabie-interviene-sabana-perdida-con-jornada-de-salud-en-beneficio-de-mas-de-1000-estudiantes-2\/","title":{"rendered":"INABIE interviene Sabana Perdida con jornada de salud en beneficio de m\u00e1s de 1,000 estudiantes"},"content":{"rendered":"<p><strong>Santo Domingo.\u2013 <\/strong>El Instituto Nacional de Bienestar Estudiantil\u00a0<strong>(INABIE)<\/strong>\u00a0lleva a cabo una\u00a0<strong><a href=\"https:\/\/www.presidencia.gob.do\/noticias\/inabie-interviene-sabana-perdida-con-jornada-de-salud-en-beneficio-de-mas-de-1000\" target=\"_blank\" rel=\"noopener\">jornada<\/a> de salud integral<\/strong>\u00a0en\u00a0<strong>Sabana Perdida<\/strong>, para beneficiar a\u00a0<strong>m\u00e1s de 1,000 estudiantes<\/strong>\u00a0de distintos centros educativos, como parte de sus esfuerzos por fortalecer el\u00a0<strong>bienestar<\/strong>\u00a0de esta poblaci\u00f3n.<\/p>\n<p>La iniciativa impacta a alumnos de la\u00a0<strong>Escuela Primaria Mara\u00f1\u00f3n I<\/strong>, as\u00ed como de los centros educativos\u00a0<strong>Cardenal Sancha (Fe y Alegr\u00eda), Mar\u00eda Teresa Mirabal (Fe y Esperanza) y el Centro Cristiano de Educaci\u00f3n para Sordos<\/strong>, quienes reciben atenciones en diversas \u00e1reas de la salud.<\/p>\n<p>Durante un recorrido por la jornada, el director ejecutivo del INABIE,\u00a0<strong>Adolfo P\u00e9rez<\/strong>, reafirm\u00f3 el compromiso de la instituci\u00f3n de\u00a0<strong>acercar servicios m\u00e9dicos esenciales a las comunidades educativas.<\/strong><\/p>\n<p><em>\u201cCon esta jornada seguimos garantizando atenci\u00f3n oportuna y de calidad para los estudiantes. Para este 2026, tenemos programadas m\u00e1s de 10 jornadas integrales a nivel nacional. Ya hemos realizado cuatro y proyectamos beneficiar a m\u00e1s de medio mill\u00f3n de alumnos del sistema educativo p\u00fablico\u201d,<\/em>\u00a0expres\u00f3.<\/p>\n<p><strong>Recomendamos leer: <a href=\"https:\/\/deultimominuto.net\/nacionales\/inabie-paga-el-doble-por-raciones\/\">INABIE paga casi el doble por raciones destinadas a empleados que a estudiantes<\/a><\/strong><\/p>\n<p>El INABIE destac\u00f3 que estas jornadas est\u00e1n enfocadas en\u00a0<strong>la prevenci\u00f3n, el diagn\u00f3stico temprano y la atenci\u00f3n oportuna<\/strong>, con el objetivo de reducir las barreras de acceso a servicios m\u00e9dicos y contribuir con el desarrollo integral de los estudiantes.<\/p>\n<p><strong>Servicios ofrecidos<\/strong><\/p>\n<p>En el \u00e1rea de\u00a0<strong>salud bucal<\/strong>, el equipo m\u00e9dico del INABIE realiza procedimientos como restauraciones dentales, extracciones, profilaxis, aplicaci\u00f3n de fl\u00faor y evaluaciones especializadas.<\/p>\n<p>En\u00a0<strong>salud visual<\/strong>, los estudiantes son evaluados mediante oftalmoscopia, autorefracci\u00f3n, pruebas de lentes y tonometr\u00eda. Aquellos que requieren correcci\u00f3n visual reciben la\u00a0<strong>prescripci\u00f3n<\/strong>\u00a0y, posteriormente, los\u00a0<strong>lentes<\/strong>\u00a0fabricados por la instituci\u00f3n.<\/p>\n<p>Asimismo, en\u00a0<strong>medicina auditiva<\/strong>\u00a0realizan audiometr\u00edas y adaptaci\u00f3n de auxiliares auditivos, los cuales son entregados de manera inmediata a quienes los necesiten.<\/p>\n<p>En el componente de\u00a0<strong>salud preventiva y nutricional<\/strong>, efect\u00faan chequeos generales y suministran medicamentos para afecciones comunes en edad escolar.<\/p>\n<p><strong>Valoraci\u00f3n de la comunidad<\/strong><\/p>\n<p><strong>Padres y tutores<\/strong>\u00a0destacaron el\u00a0<strong>impacto positivo<\/strong>\u00a0de la jornada.\u00a0<strong>Flogenly Sajuin<\/strong>, madre de un estudiante beneficiado, resalt\u00f3 la\u00a0<strong>importancia del apoyo recibido<\/strong>.<\/p>\n<p><em>\u201cMi hijo tiene problemas de la vista y gracias a esta ayuda podr\u00e1 aprender mejor. No siempre contamos con los recursos para consultas m\u00e9dicas, por lo que esto representa una gran oportunidad para su desarrollo\u201d,<\/em>\u00a0manifest\u00f3.<\/p>\n<p>De igual forma, la directora del centro educativo,\u00a0<strong>Santa Reyes<\/strong>, calific\u00f3 la jornada como un\u00a0<strong>respaldo significativo<\/strong>\u00a0para la comunidad escolar.<\/p>\n<p><em>\u201cEsta iniciativa permite que los estudiantes reciban atenciones de salud sin interrumpir su proceso educativo, adem\u00e1s de representar un alivio para muchas familias\u201d<\/em>, se\u00f1al\u00f3.<\/p>\n<h5 class=\"wp-block-heading\"><strong>Tambi\u00e9n puedes leer: <a href=\"https:\/\/deultimominuto.net\/nacionales\/inabie-entrega-utiles-escolares\/\">INABIE entrega \u00fatiles escolares a estudiantes afectados por lluvias<\/a><\/strong><\/h5>\n<p>Durante el recorrido, el director ejecutivo del INABIE estuvo acompa\u00f1ado por el director de Salud y Nutrici\u00f3n de la instituci\u00f3n,\u00a0<strong>Luis Lizardo<\/strong>; la directora de la Regional 10 de Educaci\u00f3n,\u00a0<strong>Dominga Mosquea<\/strong>; la directora del Distrito Educativo 10-02,\u00a0<strong>Lucibel Silva<\/strong>; los subdirectores de Promese\/CAL,\u00a0<strong>Andrea Dif\u00f3 y Carlos Padilla<\/strong>, as\u00ed como la regidora\u00a0<strong>Adalgisa N\u00fa\u00f1ez<\/strong>.<\/p>\n<p>Con este tipo de acciones, el INABIE reafirma su compromiso de garantizar mejores condiciones de salud para los estudiantes, contribuyendo con su\u00a0<strong>aprendizaje y desarrollo integral.<\/strong><\/p>\n<p>\u200bSanto Domingo.\u2013 El Instituto Nacional de Bienestar Estudiantil\u00a0(INABIE)\u00a0lleva a cabo una\u00a0jornada de salud integral\u00a0en\u00a0Sabana Perdida, para beneficiar a\u00a0m\u00e1s de 1,000 estudiantes\u00a0de distintos centros educativos, como parte de sus esfuerzos por fortalecer el\u00a0bienestar\u00a0de esta poblaci\u00f3n. La iniciativa impacta a alumnos de la\u00a0Escuela Primaria Mara\u00f1\u00f3n I, as\u00ed como de los centros educativos\u00a0Cardenal Sancha (Fe y Alegr\u00eda), Mar\u00eda\u00a0\u00a0Nacionales, INABIE\u00a0\u00a0<\/p>\n","protected":false},"excerpt":{"rendered":"<p>Santo Domingo.\u2013 El Instituto Nacional de Bienestar Estudiantil\u00a0(INABIE)\u00a0lleva a cabo una\u00a0jornada de salud integral\u00a0en\u00a0Sabana Perdida, para beneficiar a\u00a0m\u00e1s de 1,000 estudiantes\u00a0de distintos centros educativos, como parte de sus esfuerzos por fortalecer el\u00a0bienestar\u00a0de esta poblaci\u00f3n. La iniciativa impacta a alumnos de la\u00a0Escuela Primaria Mara\u00f1\u00f3n I, as\u00ed como de los centros educativos\u00a0Cardenal Sancha (Fe y Alegr\u00eda), Mar\u00eda [&hellip;]<\/p>\n","protected":false},"author":1,"featured_media":25633,"comment_status":"open","ping_status":"open","sticky":false,"template":"","format":"standard","meta":{"amp_status":"","footnotes":""},"categories":[3],"tags":[],"class_list":["post-25756","post","type-post","status-publish","format-standard","has-post-thumbnail","hentry","category-de-ultimo-minuto"],"_links":{"self":[{"href":"https:\/\/ermdigital.com\/index.php\/wp-json\/wp\/v2\/posts\/25756","targetHints":{"allow":["GET"]}}],"collection":[{"href":"https:\/\/ermdigital.com\/index.php\/wp-json\/wp\/v2\/posts"}],"about":[{"href":"https:\/\/ermdigital.com\/index.php\/wp-json\/wp\/v2\/types\/post"}],"author":[{"embeddable":true,"href":"https:\/\/ermdigital.com\/index.php\/wp-json\/wp\/v2\/users\/1"}],"replies":[{"embeddable":true,"href":"https:\/\/ermdigital.com\/index.php\/wp-json\/wp\/v2\/comments?post=25756"}],"version-history":[{"count":0,"href":"https:\/\/ermdigital.com\/index.php\/wp-json\/wp\/v2\/posts\/25756\/revisions"}],"wp:featuredmedia":[{"embeddable":true,"href":"https:\/\/ermdigital.com\/index.php\/wp-json\/wp\/v2\/media\/25633"}],"wp:attachment":[{"href":"https:\/\/ermdigital.com\/index.php\/wp-json\/wp\/v2\/media?parent=25756"}],"wp:term":[{"taxonomy":"category","embeddable":true,"href":"https:\/\/ermdigital.com\/index.php\/wp-json\/wp\/v2\/categories?post=25756"},{"taxonomy":"post_tag","embeddable":true,"href":"https:\/\/ermdigital.com\/index.php\/wp-json\/wp\/v2\/tags?post=25756"}],"curies":[{"name":"wp","href":"https:\/\/api.w.org\/{rel}","templated":true}]}}