{"id":25754,"date":"2026-04-28T20:15:56","date_gmt":"2026-04-29T00:15:56","guid":{"rendered":"https:\/\/ermdigital.com\/index.php\/2026\/04\/28\/policia-nacional-ocupa-arma-de-fabricacion-casera-cartuchos-y-apresa-una-persona-durante-operativo-en-la-vega\/"},"modified":"2026-04-28T20:15:56","modified_gmt":"2026-04-29T00:15:56","slug":"policia-nacional-ocupa-arma-de-fabricacion-casera-cartuchos-y-apresa-una-persona-durante-operativo-en-la-vega","status":"publish","type":"post","link":"https:\/\/ermdigital.com\/index.php\/2026\/04\/28\/policia-nacional-ocupa-arma-de-fabricacion-casera-cartuchos-y-apresa-una-persona-durante-operativo-en-la-vega\/","title":{"rendered":"Polic\u00eda Nacional ocupa arma de fabricaci\u00f3n casera, cartuchos y apresa una persona durante operativo en La Vega"},"content":{"rendered":"<p>Miembros de la Subdirecci\u00f3n Regional de Inteligencia (DINTEL) de la Polic\u00eda Nacional<a href=\"https:\/\/www.policianacional.gob.do\/direcciones\/areas-misionales\/inteligencia\/\" target=\"_blank\" rel=\"noopener\"> ocuparon<\/a> un arma de fabricaci\u00f3n casera tipo escopeta, ocho cartuchos calibre 12 mm y un arma blanca, durante un operativo focalizado realizado en el sector Guaco, de esta ciudad de La Vega.<\/p>\n<p>En la intervenci\u00f3n fue detenido Jos\u00e9 Joel D\u00edaz Veloz, de 32 a\u00f1os, a quien se le ocup\u00f3 el arma de fuego artesanal y los cartuchos al momento de ser requisado en las proximidades del lugar.<\/p>\n<p>Adem\u00e1s, en la zona fue encontrado un machete abandonado, mientras varias personas emprendieron la huida al notar la presencia policial.<\/p>\n<h5 class=\"wp-block-heading\"><strong>Recomendamos leer:<a href=\"https:\/\/deultimominuto.net\/nacionales\/policia-nacional-interviene\/\">Polic\u00eda Nacional interviene puntos de venta de drogas, ocupa sustancias controladas y ejecuta orden de arresto en La Vega<\/a><br \/><\/strong><\/h5>\n<p>El detenido y lo ocupado ser\u00e1n puestos a <a href=\"https:\/\/deultimominuto.net\/nacionales\/ministerio-publico-investigacion\/\">disposici\u00f3n<\/a> de la justicia.<\/p>\n<figure class=\"wp-block-image size-large\"><img loading=\"lazy\" decoding=\"async\" width=\"1024\" height=\"536\" src=\"https:\/\/cdn.deultimominuto.net\/wp-content\/uploads\/2026\/04\/WhatsApp-Image-2026-04-28-at-9.50.12-AM-1-1024x536.jpeg\" alt=\"Polic\u00eda Nacional ocupa arma de fabricaci\u00f3n casera, cartuchos y apresa una persona durante operativo en La Vega - Noticias de hoy en Rep\u00fablica Dominicana | De \u00daltimo Minuto\" class=\"wp-image-647530\" title=\"Polic\u00eda Nacional ocupa arma de fabricaci\u00f3n casera, cartuchos y apresa una persona durante operativo en La Vega | 1 |\"><\/figure>\n<p>\u200bMiembros de la Subdirecci\u00f3n Regional de Inteligencia (DINTEL) de la Polic\u00eda Nacional ocuparon un arma de fabricaci\u00f3n casera tipo escopeta, ocho cartuchos calibre 12 mm y un arma blanca, durante un operativo focalizado realizado en el sector Guaco, de esta ciudad de La Vega. En la intervenci\u00f3n fue detenido Jos\u00e9 Joel D\u00edaz Veloz, de 32\u00a0\u00a0Nacionales, DINTEL\u00a0\u00a0<\/p>\n","protected":false},"excerpt":{"rendered":"<p>Miembros de la Subdirecci\u00f3n Regional de Inteligencia (DINTEL) de la Polic\u00eda Nacional ocuparon un arma de fabricaci\u00f3n casera tipo escopeta, ocho cartuchos calibre 12 mm y un arma blanca, durante un operativo focalizado realizado en el sector Guaco, de esta ciudad de La Vega. En la intervenci\u00f3n fue detenido Jos\u00e9 Joel D\u00edaz Veloz, de 32 [&hellip;]<\/p>\n","protected":false},"author":1,"featured_media":25755,"comment_status":"open","ping_status":"open","sticky":false,"template":"","format":"standard","meta":{"amp_status":"","footnotes":""},"categories":[3],"tags":[],"class_list":["post-25754","post","type-post","status-publish","format-standard","has-post-thumbnail","hentry","category-de-ultimo-minuto"],"_links":{"self":[{"href":"https:\/\/ermdigital.com\/index.php\/wp-json\/wp\/v2\/posts\/25754","targetHints":{"allow":["GET"]}}],"collection":[{"href":"https:\/\/ermdigital.com\/index.php\/wp-json\/wp\/v2\/posts"}],"about":[{"href":"https:\/\/ermdigital.com\/index.php\/wp-json\/wp\/v2\/types\/post"}],"author":[{"embeddable":true,"href":"https:\/\/ermdigital.com\/index.php\/wp-json\/wp\/v2\/users\/1"}],"replies":[{"embeddable":true,"href":"https:\/\/ermdigital.com\/index.php\/wp-json\/wp\/v2\/comments?post=25754"}],"version-history":[{"count":0,"href":"https:\/\/ermdigital.com\/index.php\/wp-json\/wp\/v2\/posts\/25754\/revisions"}],"wp:featuredmedia":[{"embeddable":true,"href":"https:\/\/ermdigital.com\/index.php\/wp-json\/wp\/v2\/media\/25755"}],"wp:attachment":[{"href":"https:\/\/ermdigital.com\/index.php\/wp-json\/wp\/v2\/media?parent=25754"}],"wp:term":[{"taxonomy":"category","embeddable":true,"href":"https:\/\/ermdigital.com\/index.php\/wp-json\/wp\/v2\/categories?post=25754"},{"taxonomy":"post_tag","embeddable":true,"href":"https:\/\/ermdigital.com\/index.php\/wp-json\/wp\/v2\/tags?post=25754"}],"curies":[{"name":"wp","href":"https:\/\/api.w.org\/{rel}","templated":true}]}}