{"id":25745,"date":"2026-04-28T18:27:48","date_gmt":"2026-04-28T22:27:48","guid":{"rendered":"https:\/\/ermdigital.com\/index.php\/2026\/04\/28\/dos-calles-espacio-creativo-presenta-el-concierto-operistico-con-el-tenor-enrique-pina\/"},"modified":"2026-04-28T18:27:48","modified_gmt":"2026-04-28T22:27:48","slug":"dos-calles-espacio-creativo-presenta-el-concierto-operistico-con-el-tenor-enrique-pina","status":"publish","type":"post","link":"https:\/\/ermdigital.com\/index.php\/2026\/04\/28\/dos-calles-espacio-creativo-presenta-el-concierto-operistico-con-el-tenor-enrique-pina\/","title":{"rendered":"Dos Calles, Espacio Creativo, presenta el concierto oper\u00edstico con el tenor Enrique Pina"},"content":{"rendered":"<p><strong>SANTO DOMINGO<\/strong>.- Dos Calles, Espacio Creativo present\u00f3 el concierto did\u00e1ctico \u201c<strong>Palabras que cantan, voces que cuentan<\/strong>\u201d, una propuesta que invita al p\u00fablico a aproximarse a la m\u00fasica desde una experiencia m\u00e1s <strong>consciente<\/strong>, donde la interpretaci\u00f3n y la palabra se entrelazan para revelar el sentido profundo de cada obra.<\/p>\n<p>Concebido como un recorrido entre la tradici\u00f3n <strong>l\u00edrica <\/strong>y la sensibilidad <strong>contempor\u00e1nea<\/strong>, el concierto transit\u00f3 por arias de \u00f3pera y por la canci\u00f3n <strong>napolitana <\/strong>y el repertorio en espa\u00f1ol, proponiendo un di\u00e1logo entre lo cl\u00e1sico y lo popular. M\u00e1s que una sucesi\u00f3n de piezas, el programa se articul\u00f3 como un relato, pues cada obra fue introducida, contextualizada y luego interpretada, permitiendo al espectador habitarla desde una <strong>dimensi\u00f3n <\/strong>m\u00e1s amplia.<\/p>\n<p>La velada del pasado jueves 23 de abril estuvo a cargo del tenor<strong> Enrique Pina<\/strong>, cuya trayectoria combina de manera singular el arte y la <strong>diplomacia cultural<\/strong>. Con formaci\u00f3n en<strong> Italia <\/strong>y presentaciones en escenarios internacionales \u2014incluyendo actuaciones en el <strong>Vaticano <\/strong>y participaciones en importantes conciertos oper\u00edsticos alrededor del mundo\u2014, Pina est\u00e1 incluido entre los mejores tenores del mundo en el libro \u201c<strong>Franco Corelli &amp; A Revolution in Singing Fifty-Four Tenors Spanning 200 Years, volumen 3<\/strong>\u201d. Su actuaci\u00f3n ser\u00e1 recordada por quienes tuvieron la fortuna de presenciarla en <strong>Dos Calles, Espacio Creativo<\/strong>.<\/p>\n<p>Con una voz de potencia y matices extraordinarios, Pina recorri\u00f3 un programa que transit\u00f3 por arias de \u00f3pera, por el repertorio en espa\u00f1ol y la tradici\u00f3n napolitana con la autoridad de quien conoce cada obra desde adentro y la generosidad de quien sabe compartirla.<\/p>\n<p>Le acompa\u00f1\u00f3 en el piano Gabriela Garc\u00eda, cuya labor interpretativa aport\u00f3 el <strong>equilibrio <\/strong>y la <strong>sensibilidad <\/strong>necesarios para un repertorio que exigi\u00f3 precisi\u00f3n t\u00e9cnica y profundidad expresiva.<\/p>\n<p>El arquitecto y gestor cultural <strong>Gamal Michel\u00e9n<\/strong>, actual viceministro de <strong>Patrimonio Cultural<\/strong>, es una figura clave en el desarrollo de pol\u00edticas culturales en la Rep\u00fablica Dominicana y en la promoci\u00f3n de iniciativas que buscan acercar el arte a la ciudadan\u00eda. En esta ocasi\u00f3n, introdujo el programa desde una dimensi\u00f3n reflexiva, enriqueciendo cada pieza a partir de su contexto hist\u00f3rico, simb\u00f3lico y est\u00e9tico con an\u00e9cdotas personales, reflexiones del \u00e1mbito cotidiano y una cultura general que fluy\u00f3 sin esfuerzo aparente y que result\u00f3, sin embargo, reveladora. Lejos del tono acad\u00e9mico o distante, su palabra fue un puente que acerc\u00f3 al p\u00fablico a obras que podr\u00edan haber parecido desconocidas, y las convirti\u00f3 en algo propio.<\/p>\n<p>La conducci\u00f3n del evento estuvo a cargo de Yamile Eusebio, directora ejecutiva de la <strong>Fundaci\u00f3n Conexi\u00f3n LiLe\u00f3n<\/strong>, quien dio la bienvenida a los presentes y estuvo a cargo de la intruducci\u00f3n formal de la velada.<\/p>\n<p>Esta iniciativa se realiz\u00f3 con el respaldo de la Fundaci\u00f3n Conexi\u00f3n LiLe\u00f3n, bajo la visi\u00f3n de Lidia Le\u00f3n, cuya labor como artista y gestora ha estado orientada a la creaci\u00f3n de espacios de encuentro donde el arte se convierte en experiencia compartida. Su trabajo ha sido fundamental en la articulaci\u00f3n de proyectos que conectan sensibilidad, pensamiento y comunidad, generando plataformas culturales abiertas y contempor\u00e1neas.<\/p>\n<p>Recomendamos leer: <a href=\"https:\/\/deultimominuto.net\/estilo\/ogtic-impulsa-estado-digital\/\">OGTIC impulsa el Estado digital con la entrega de los premios iTICge 2025<\/a><\/p>\n<p>Asimismo, el concierto cont\u00f3 con el apoyo de <strong>Kahkow<\/strong>, marca dominicana que ha apostado por la vinculaci\u00f3n entre cultura, identidad y experiencia, integrando el arte como parte esencial de su propuesta.<\/p>\n<p>El programa incluy\u00f3 obras de compositores como Giuseppe Verdi, Gaetano Donizetti, Charles Gounod y Giacomo Meyerbeer, as\u00ed como piezas emblem\u00e1ticas del repertorio en espa\u00f1ol y la tradici\u00f3n napolitana de Pablo Soroz\u00e1bal, Gaetano Pennino, Pedro El\u00edas Guti\u00e9rrez y Ernesto De Curtis.<\/p>\n<p>Palabras que cantan, voces que cuentan se present\u00f3, as\u00ed, como una experiencia que trascendi\u00f3 el formato tradicional del concierto, proponiendo un espacio donde escuchar tambi\u00e9n implic\u00f3 comprender, recordar y, sobre todo, compartir.<\/p>\n<figure class=\"wp-block-gallery has-nested-images columns-default is-cropped wp-block-gallery-3 is-layout-flex wp-block-gallery-is-layout-flex\">\n<figure class=\"wp-block-image size-large\"><img decoding=\"async\" loading=\"lazy\" width=\"849\" height=\"1024\" data-id=\"647467\" src=\"https:\/\/cdn.deultimominuto.net\/wp-content\/uploads\/2026\/04\/dcb2d814-51a6-4f3c-acf4-0ec2c0c5fef7-1-849x1024.jpg\" alt=\"Dos Calles, Espacio Creativo, presenta el concierto oper\u00edstico con el tenor Enrique Pina - Noticias de hoy en Rep\u00fablica Dominicana | De \u00daltimo Minuto\" class=\"wp-image-647467\" title=\"Dos Calles, Espacio Creativo, presenta el concierto oper\u00edstico con el tenor Enrique Pina | 5 |\"><\/figure>\n<figure class=\"wp-block-image size-large\"><img decoding=\"async\" loading=\"lazy\" width=\"785\" height=\"1024\" data-id=\"647466\" src=\"https:\/\/cdn.deultimominuto.net\/wp-content\/uploads\/2026\/04\/1c4b1f86-a67f-4874-ae6f-af647bdd1a41-1-785x1024.jpg\" alt=\"Dos Calles, Espacio Creativo, presenta el concierto oper\u00edstico con el tenor Enrique Pina - Noticias de hoy en Rep\u00fablica Dominicana | De \u00daltimo Minuto\" class=\"wp-image-647466\" title=\"Dos Calles, Espacio Creativo, presenta el concierto oper\u00edstico con el tenor Enrique Pina | 6 |\"><\/figure>\n<\/figure>\n<p>\u200bSANTO DOMINGO.- Dos Calles, Espacio Creativo present\u00f3 el concierto did\u00e1ctico \u201cPalabras que cantan, voces que cuentan\u201d, una propuesta que invita al p\u00fablico a aproximarse a la m\u00fasica desde una experiencia m\u00e1s consciente, donde la interpretaci\u00f3n y la palabra se entrelazan para revelar el sentido profundo de cada obra. Concebido como un recorrido entre la tradici\u00f3n\u00a0\u00a0Estilo, Concierto, Creativo, Dos Calles, Enrique Pina\u00a0\u00a0<\/p>\n","protected":false},"excerpt":{"rendered":"<p>SANTO DOMINGO.- Dos Calles, Espacio Creativo present\u00f3 el concierto did\u00e1ctico \u201cPalabras que cantan, voces que cuentan\u201d, una propuesta que invita al p\u00fablico a aproximarse a la m\u00fasica desde una experiencia m\u00e1s consciente, donde la interpretaci\u00f3n y la palabra se entrelazan para revelar el sentido profundo de cada obra. Concebido como un recorrido entre la tradici\u00f3n [&hellip;]<\/p>\n","protected":false},"author":1,"featured_media":25746,"comment_status":"open","ping_status":"open","sticky":false,"template":"","format":"standard","meta":{"amp_status":"","footnotes":""},"categories":[3],"tags":[],"class_list":["post-25745","post","type-post","status-publish","format-standard","has-post-thumbnail","hentry","category-de-ultimo-minuto"],"_links":{"self":[{"href":"https:\/\/ermdigital.com\/index.php\/wp-json\/wp\/v2\/posts\/25745","targetHints":{"allow":["GET"]}}],"collection":[{"href":"https:\/\/ermdigital.com\/index.php\/wp-json\/wp\/v2\/posts"}],"about":[{"href":"https:\/\/ermdigital.com\/index.php\/wp-json\/wp\/v2\/types\/post"}],"author":[{"embeddable":true,"href":"https:\/\/ermdigital.com\/index.php\/wp-json\/wp\/v2\/users\/1"}],"replies":[{"embeddable":true,"href":"https:\/\/ermdigital.com\/index.php\/wp-json\/wp\/v2\/comments?post=25745"}],"version-history":[{"count":0,"href":"https:\/\/ermdigital.com\/index.php\/wp-json\/wp\/v2\/posts\/25745\/revisions"}],"wp:featuredmedia":[{"embeddable":true,"href":"https:\/\/ermdigital.com\/index.php\/wp-json\/wp\/v2\/media\/25746"}],"wp:attachment":[{"href":"https:\/\/ermdigital.com\/index.php\/wp-json\/wp\/v2\/media?parent=25745"}],"wp:term":[{"taxonomy":"category","embeddable":true,"href":"https:\/\/ermdigital.com\/index.php\/wp-json\/wp\/v2\/categories?post=25745"},{"taxonomy":"post_tag","embeddable":true,"href":"https:\/\/ermdigital.com\/index.php\/wp-json\/wp\/v2\/tags?post=25745"}],"curies":[{"name":"wp","href":"https:\/\/api.w.org\/{rel}","templated":true}]}}