{"id":25731,"date":"2026-04-28T19:11:52","date_gmt":"2026-04-28T23:11:52","guid":{"rendered":"https:\/\/ermdigital.com\/index.php\/2026\/04\/28\/estoy-desesperado-padre-clama-ayuda-tras-desaparicion-de-adolescente-de-13-anos-en-santiago\/"},"modified":"2026-04-28T19:11:52","modified_gmt":"2026-04-28T23:11:52","slug":"estoy-desesperado-padre-clama-ayuda-tras-desaparicion-de-adolescente-de-13-anos-en-santiago","status":"publish","type":"post","link":"https:\/\/ermdigital.com\/index.php\/2026\/04\/28\/estoy-desesperado-padre-clama-ayuda-tras-desaparicion-de-adolescente-de-13-anos-en-santiago\/","title":{"rendered":"\u201cEstoy desesperado\u201d: padre clama ayuda tras desaparici\u00f3n de adolescente de 13 a\u00f1os en Santiago"},"content":{"rendered":"<p><strong>Santiago<\/strong>.-,La desaparici\u00f3n de un <strong>adolescente <\/strong>de 13 a\u00f1os mantiene en vilo a residentes del sector <strong>Camboya<\/strong>, en la avenida Tercera, parte atr\u00e1s del Peat\u00f3n Uno de esta ciudad, luego de que el menor fuera visto por \u00faltima vez alrededor el domingo a las 8:00 de la noche.<\/p>\n<p>El <strong>desaparecido <\/strong>de nacionalidad haitiana es <strong>Jean Edolove Salom\u00f3n<\/strong>, estudiante de s\u00e9ptimo grado, cuyo paradero sigue siendo desconocido horas despu\u00e9s de su desaparici\u00f3n, sin que hasta el momento se tengan pistas claras sobre lo ocurrido.<\/p>\n<p>Su padre, <strong>Aesse Salom\u00f3n<\/strong>, asegur\u00f3 que la situaci\u00f3n es completamente inusual y teme por la seguridad del menor.<\/p>\n<p>\u201c<strong>Lo estoy buscando y no aparece. Nunca hab\u00eda pasado algo as\u00ed. Estoy desesperado<\/strong>\u201d, declar\u00f3, haciendo un llamado urgente a las autoridades y a la ciudadan\u00eda para intensificar la b\u00fasqueda.<\/p>\n<h5 class=\"wp-block-heading\"><strong>Recomendamos leer: <a href=\"https:\/\/deultimominuto.net\/nacionales\/autoridades-intensifican-2\/\">Autoridades intensifican b\u00fasqueda de ni\u00f1o desaparecido en el r\u00edo Yaque del Norte<\/a><\/strong><\/h5>\n<p>La familia insiste en que cualquier informaci\u00f3n, por m\u00ednima que parezca, puede ser clave para dar con el paradero del adolescente, descrito como un ni\u00f1o tranquilo y muy apegado a su entorno familiar.<\/p>\n<p>Mientras , crece la <strong>preocupaci\u00f3n <\/strong>en la comunidad, los familiares piden la colaboraci\u00f3n inmediata de la poblaci\u00f3n. Cualquier persona que tenga informaci\u00f3n debe comunicarse de forma urgente al <strong>829-513-8359<\/strong>.<\/p>\n<p>Cada minuto cuenta. La familia clama por ayuda para encontrarlo sano y salvo.<\/p>\n<figure class=\"wp-block-gallery has-nested-images columns-default is-cropped wp-block-gallery-1 is-layout-flex wp-block-gallery-is-layout-flex\">\n<figure class=\"wp-block-image size-large\"><img loading=\"lazy\" decoding=\"async\" width=\"1024\" height=\"576\" data-id=\"647493\" src=\"https:\/\/cdn.deultimominuto.net\/wp-content\/uploads\/2026\/04\/e8584a10-e317-41e8-8930-ce10e30ae183-1024x576.jpg\" alt=\"\u201cEstoy desesperado\u201d: padre clama ayuda tras desaparici\u00f3n de adolescente de 13 a\u00f1os en Santiago - Noticias de hoy en Rep\u00fablica Dominicana | De \u00daltimo Minuto\" class=\"wp-image-647493\" title=\"\u201cEstoy desesperado\u201d: padre clama ayuda tras desaparici\u00f3n de adolescente de 13 a\u00f1os en Santiago | 1 |\"><figcaption class=\"wp-element-caption\">\u201cEstoy desesperado\u201d: padre clama ayuda tras desaparici\u00f3n de adolescente de 13 a\u00f1os en Santiago<\/figcaption><\/figure>\n<\/figure>\n<p>\u200bSantiago.-,La desaparici\u00f3n de un adolescente de 13 a\u00f1os mantiene en vilo a residentes del sector Camboya, en la avenida Tercera, parte atr\u00e1s del Peat\u00f3n Uno de esta ciudad, luego de que el menor fuera visto por \u00faltima vez alrededor el domingo a las 8:00 de la noche. El desaparecido de nacionalidad haitiana es Jean Edolove\u00a0\u00a0Nacionales, adolesente, Desaparecido, Santiago\u00a0\u00a0<\/p>\n","protected":false},"excerpt":{"rendered":"<p>Santiago.-,La desaparici\u00f3n de un adolescente de 13 a\u00f1os mantiene en vilo a residentes del sector Camboya, en la avenida Tercera, parte atr\u00e1s del Peat\u00f3n Uno de esta ciudad, luego de que el menor fuera visto por \u00faltima vez alrededor el domingo a las 8:00 de la noche. El desaparecido de nacionalidad haitiana es Jean Edolove [&hellip;]<\/p>\n","protected":false},"author":1,"featured_media":25732,"comment_status":"open","ping_status":"open","sticky":false,"template":"","format":"standard","meta":{"amp_status":"","footnotes":""},"categories":[3],"tags":[],"class_list":["post-25731","post","type-post","status-publish","format-standard","has-post-thumbnail","hentry","category-de-ultimo-minuto"],"_links":{"self":[{"href":"https:\/\/ermdigital.com\/index.php\/wp-json\/wp\/v2\/posts\/25731","targetHints":{"allow":["GET"]}}],"collection":[{"href":"https:\/\/ermdigital.com\/index.php\/wp-json\/wp\/v2\/posts"}],"about":[{"href":"https:\/\/ermdigital.com\/index.php\/wp-json\/wp\/v2\/types\/post"}],"author":[{"embeddable":true,"href":"https:\/\/ermdigital.com\/index.php\/wp-json\/wp\/v2\/users\/1"}],"replies":[{"embeddable":true,"href":"https:\/\/ermdigital.com\/index.php\/wp-json\/wp\/v2\/comments?post=25731"}],"version-history":[{"count":0,"href":"https:\/\/ermdigital.com\/index.php\/wp-json\/wp\/v2\/posts\/25731\/revisions"}],"wp:featuredmedia":[{"embeddable":true,"href":"https:\/\/ermdigital.com\/index.php\/wp-json\/wp\/v2\/media\/25732"}],"wp:attachment":[{"href":"https:\/\/ermdigital.com\/index.php\/wp-json\/wp\/v2\/media?parent=25731"}],"wp:term":[{"taxonomy":"category","embeddable":true,"href":"https:\/\/ermdigital.com\/index.php\/wp-json\/wp\/v2\/categories?post=25731"},{"taxonomy":"post_tag","embeddable":true,"href":"https:\/\/ermdigital.com\/index.php\/wp-json\/wp\/v2\/tags?post=25731"}],"curies":[{"name":"wp","href":"https:\/\/api.w.org\/{rel}","templated":true}]}}