{"id":25721,"date":"2026-04-28T17:24:18","date_gmt":"2026-04-28T21:24:18","guid":{"rendered":"https:\/\/ermdigital.com\/index.php\/2026\/04\/28\/el-naufragio-de-hugo-beras-hansel-garcia-analiza-el-primer-proyecto-politico-ido-por-la-borda\/"},"modified":"2026-04-28T17:24:18","modified_gmt":"2026-04-28T21:24:18","slug":"el-naufragio-de-hugo-beras-hansel-garcia-analiza-el-primer-proyecto-politico-ido-por-la-borda","status":"publish","type":"post","link":"https:\/\/ermdigital.com\/index.php\/2026\/04\/28\/el-naufragio-de-hugo-beras-hansel-garcia-analiza-el-primer-proyecto-politico-ido-por-la-borda\/","title":{"rendered":"El naufragio de Hugo Beras: Hansel Garc\u00eda analiza el primer proyecto pol\u00edtico \"ido por la borda\""},"content":{"rendered":"<p>Santo Domingo, RD. &#8211; En la inauguraci\u00f3n de su serie especial sobre figuras p\u00fablicas que promet\u00edan transformar el panorama electoral dominicano, el periodista <a href=\"https:\/\/deultimominuto.net\/nacionales\/buso-sexual-en-escuela-publica\/\"><strong>Hansel Garc\u00eda<\/strong><\/a>, coordinador de <em><a href=\"https:\/\/www.youtube.com\/@PolitikalRD\" target=\"_blank\" rel=\"noopener\"><strong>Politikal<\/strong><\/a><\/em>, puso bajo la lupa el caso de <strong>Hugo Beras<\/strong>. Este an\u00e1lisis marca el inicio de una cr\u00f3nica sobre \"proyectos pol\u00edticos que irrumpieron con gran fuerza y aura, pero que se han ido desgastando en el camino\".<\/p>\n<p>Para Garc\u00eda, Beras representa el ejemplo m\u00e1ximo de c\u00f3mo la falta de \"elegancia\" y la desesperaci\u00f3n estrat\u00e9gica pueden hundir una carrera que parec\u00eda destinada al \u00e9xito.<\/p>\n<p><strong>TE PUEDE INTERESAR: <a href=\"https:\/\/deultimominuto.net\/nacionales\/defensa-de-hugo-beras-apelara-medida-de-coercion-esto-apenas-empieza\/\" data-type=\"post\" data-id=\"390748\">Defensa de Hugo Beras apelar\u00e1 medida de coerci\u00f3n: \"Esto apenas empieza\u201d<\/a><\/strong><\/p>\n<h2 class=\"wp-block-heading\"><strong>Una transici\u00f3n cuestionada y la \"traici\u00f3n\" al l\u00edder<\/strong><\/h2>\n<p>Hugo Beras irrumpi\u00f3 en la escena como candidato a la alcald\u00eda del Distrito Nacional en 2020, logrando convencer a una gran parte del electorado de su potencial. Sin embargo, su salto del Partido Revolucionario Dominicano (PRD) al Partido Revolucionario Moderno (PRM) fue, seg\u00fan Garc\u00eda, el principio del fin de su credibilidad.<\/p>\n<p>El periodista fue tajante al calificar este movimiento: <strong>\u201cNo lo hizo de manera elegante, no lo hizo de manera limpia, no lo hizo de manera honesta\u201d<\/strong>. Garc\u00eda sostiene que Beras endos\u00f3 su capital pol\u00edtico a Carolina Mej\u00eda a espaldas de quien era su l\u00edder en ese momento, Miguel Vargas, lo cual le gener\u00f3 una imagen de deslealtad que le pesar\u00eda m\u00e1s tarde. <\/p>\n<blockquote class=\"wp-block-quote is-layout-flow wp-block-quote-is-layout-flow\">\n<p><strong>\u201cEl que traiciona no sirve ni para quien traiciona ni para quien va a favorecer\u201d<\/strong>, sentenci\u00f3 el PERIODISTA.<\/p>\n<\/blockquote>\n<h3 class=\"wp-block-heading\"><strong>El error de Hugo Beras en el Intrant: \"Se fue por la cloaca de la historia\"<\/strong><\/h3>\n<p>Tras su paso por el PRD, <a href=\"https:\/\/www.instagram.com\/hugoberasgoico\/\" target=\"_blank\" rel=\"noopener\">Beras <\/a>fue distinguido por Carolina Mej\u00eda como secretario general de la alcald\u00eda, una posici\u00f3n que, a juicio de Garc\u00eda, era el trampol\u00edn perfecto. El an\u00e1lisis sugiere que, de haber mantenido la paciencia y la lealtad en ese puesto, Beras ser\u00eda hoy el sucesor natural de Mej\u00eda.<\/p>\n<figure class=\"wp-block-embed is-type-video is-provider-youtube wp-block-embed-youtube wp-embed-aspect-16-9 wp-has-aspect-ratio\">\n<div class=\"wp-block-embed__wrapper\">\n<div class=\"youtube-embed\" data-video_id=\"XOsNI9sB2Zo\"><\/div>\n<\/div>\n<\/figure>\n<p><strong>\u201cSi Hugo se queda tranquilo como secretario general de la alcald\u00eda, hoy Hugo fuera el candidato alcalde de la capital por el PRM con posibilidades de ganar\u201d<\/strong>, afirm\u00f3 Garc\u00eda. No obstante, su \"desesperaci\u00f3n\" por ocupar la direcci\u00f3n del Instituto Nacional de Tr\u00e1nsito y Transporte Terrestre (Intrant) result\u00f3 fatal para su proyecto pol\u00edtico.<\/p>\n<p>El paso al Intrant no solo fue visto como una salida poco elegante de la alcald\u00eda, sino que lo sumergi\u00f3 en los problemas legales que hoy enfrenta su gesti\u00f3n. Aunque Garc\u00eda aclar\u00f3 que la culpabilidad o inocencia de Beras corresponde a los tribunales, concluy\u00f3 que, pol\u00edticamente, el da\u00f1o es irreversible: <strong>\u201cLo que pudo ser un proyecto bonito pol\u00edticamente se fue por la cloaca de la historia\u201d<\/strong>.<\/p>\n<h3 class=\"wp-block-heading\"><strong>Un proyecto destruido por su propio autor<\/strong><\/h3>\n<p>Hansel Garc\u00eda cerr\u00f3 su primera entrega subrayando que la ca\u00edda de Beras no fue producto de factores externos, sino de sus propias decisiones t\u00e1cticas. Al no saber gestionar sus salidas ni del PRD hacia el PRM, ni de la alcald\u00eda hacia el gobierno central, Beras termin\u00f3 por dilapidar su futuro pol\u00edtico. <strong>\u201cEse proyecto se fue por la borda porque su propio protagonista lo tir\u00f3 y ah\u00ed termin\u00f3\u201d<\/strong>, finaliz\u00f3 el periodista.<\/p>\n<p>\u200bSanto Domingo, RD. &#8211; En la inauguraci\u00f3n de su serie especial sobre figuras p\u00fablicas que promet\u00edan transformar el panorama electoral dominicano, el periodista Hansel Garc\u00eda, coordinador de Politikal, puso bajo la lupa el caso de Hugo Beras. Este an\u00e1lisis marca el inicio de una cr\u00f3nica sobre \"proyectos pol\u00edticos que irrumpieron con gran fuerza y aura,\u00a0\u00a0Pol\u00edtica, Hansel Garc\u00eda, Hugo Beras, Politikal\u00a0\u00a0<\/p>\n","protected":false},"excerpt":{"rendered":"<p>Santo Domingo, RD. &#8211; En la inauguraci\u00f3n de su serie especial sobre figuras p\u00fablicas que promet\u00edan transformar el panorama electoral dominicano, el periodista Hansel Garc\u00eda, coordinador de Politikal, puso bajo la lupa el caso de Hugo Beras. Este an\u00e1lisis marca el inicio de una cr\u00f3nica sobre \"proyectos pol\u00edticos que irrumpieron con gran fuerza y aura, [&hellip;]<\/p>\n","protected":false},"author":1,"featured_media":25722,"comment_status":"open","ping_status":"open","sticky":false,"template":"","format":"standard","meta":{"amp_status":"","footnotes":""},"categories":[3],"tags":[],"class_list":["post-25721","post","type-post","status-publish","format-standard","has-post-thumbnail","hentry","category-de-ultimo-minuto"],"_links":{"self":[{"href":"https:\/\/ermdigital.com\/index.php\/wp-json\/wp\/v2\/posts\/25721","targetHints":{"allow":["GET"]}}],"collection":[{"href":"https:\/\/ermdigital.com\/index.php\/wp-json\/wp\/v2\/posts"}],"about":[{"href":"https:\/\/ermdigital.com\/index.php\/wp-json\/wp\/v2\/types\/post"}],"author":[{"embeddable":true,"href":"https:\/\/ermdigital.com\/index.php\/wp-json\/wp\/v2\/users\/1"}],"replies":[{"embeddable":true,"href":"https:\/\/ermdigital.com\/index.php\/wp-json\/wp\/v2\/comments?post=25721"}],"version-history":[{"count":0,"href":"https:\/\/ermdigital.com\/index.php\/wp-json\/wp\/v2\/posts\/25721\/revisions"}],"wp:featuredmedia":[{"embeddable":true,"href":"https:\/\/ermdigital.com\/index.php\/wp-json\/wp\/v2\/media\/25722"}],"wp:attachment":[{"href":"https:\/\/ermdigital.com\/index.php\/wp-json\/wp\/v2\/media?parent=25721"}],"wp:term":[{"taxonomy":"category","embeddable":true,"href":"https:\/\/ermdigital.com\/index.php\/wp-json\/wp\/v2\/categories?post=25721"},{"taxonomy":"post_tag","embeddable":true,"href":"https:\/\/ermdigital.com\/index.php\/wp-json\/wp\/v2\/tags?post=25721"}],"curies":[{"name":"wp","href":"https:\/\/api.w.org\/{rel}","templated":true}]}}