{"id":25719,"date":"2026-04-28T17:36:42","date_gmt":"2026-04-28T21:36:42","guid":{"rendered":"https:\/\/ermdigital.com\/index.php\/2026\/04\/28\/arquitectura-en-movimiento-carlos-campos-new-york-presenta-su-coleccion-primavera-verano-2026\/"},"modified":"2026-04-28T17:36:42","modified_gmt":"2026-04-28T21:36:42","slug":"arquitectura-en-movimiento-carlos-campos-new-york-presenta-su-coleccion-primavera-verano-2026","status":"publish","type":"post","link":"https:\/\/ermdigital.com\/index.php\/2026\/04\/28\/arquitectura-en-movimiento-carlos-campos-new-york-presenta-su-coleccion-primavera-verano-2026\/","title":{"rendered":"\"Arquitectura en Movimiento\": Carlos Campos New York presenta su colecci\u00f3n Primavera\/Verano 2026"},"content":{"rendered":"<p><strong>NUEVA YORK, NY<\/strong>.- La firma <strong>Carlos Campos<\/strong> New York, dirigida por el <strong>dise\u00f1ador<\/strong> hondure\u00f1o Carlos Campos, presenta su colecci\u00f3n Primavera\/Verano 2026, una propuesta que explora la relaci\u00f3n entre estructura, movimiento e identidad desde una mirada contempor\u00e1nea del menswear.<\/p>\n<p>Con base en Nueva York, Campos ha construido un lenguaje propio donde la sastrer\u00eda cl\u00e1sica se encuentra con una sensibilidad moderna y una ra\u00edz latinoamericana muy presente. Esta nueva colecci\u00f3n contin\u00faa ese recorrido con piezas que priorizan la forma, la ca\u00edda y la intenci\u00f3n detr\u00e1s de cada corte.<\/p>\n<p>Bajo el concepto \u201c<strong><a href=\"https:\/\/deultimominuto.net\/enlaces\/\" data-type=\"page\" data-id=\"491852\">Arquitectura en Movimiento<\/a><\/strong>\u201d, la colecci\u00f3n toma referencias del brutalismo latinoamericano y del ritmo urbano neoyorquino. El resultado: siluetas m\u00e1s relajadas, tejidos que acompa\u00f1an el movimiento del cuerpo y una construcci\u00f3n precisa que sigue siendo el sello del dise\u00f1ador.<\/p>\n<h5 class=\"wp-block-heading\">Recomendamos leer: <a href=\"https:\/\/deultimominuto.net\/internacionales\/15-victimas-choque-de-tren\/\"><\/a><a href=\"https:\/\/deultimominuto.net\/internacionales\/15-victimas-choque-de-tren\/\">Un vag\u00f3n solo para ellas: las 15 v\u00edctimas del letal choque de tren indonesio son mujeres<\/a><\/h5>\n<p>La paleta terracota, arena y azul profundo aporta calidez y sobriedad, mientras que los trajes, camisas y conjuntos elevan lo esencial sin caer en excesos. Es una propuesta pensada para un hombre que valora el detalle, pero tambi\u00e9n la comodidad y la naturalidad.<\/p>\n<p>A lo largo de su carrera, sus dise\u00f1os han sido elegidos por figuras como <strong>Justin Timberlake<\/strong> y <strong>Ethan Hawke<\/strong>, atra\u00eddos por una <strong>est\u00e9tica<\/strong> limpia y actual que se adapta tanto a la alfombra roja como al d\u00eda a d\u00eda.<\/p>\n<h5 class=\"wp-block-heading\"><strong>Una historia que empieza en Honduras<\/strong><\/h5>\n<p>Nacido en El Progreso, Honduras, Campos creci\u00f3 entre telas y patrones en el taller de sastrer\u00eda de su padre. Esa formaci\u00f3n temprana marc\u00f3 su manera de entender la ropa: como oficio, como disciplina y como lenguaje.<\/p>\n<p>A los 13 a\u00f1os emigr\u00f3 a Estados Unidos, donde m\u00e1s adelante estudi\u00f3 en el <strong>Fashion Institute of Technology<\/strong>. Antes de lanzar su marca en 2006, trabaj\u00f3 en dise\u00f1o de vestuario para <strong>Broadway<\/strong>, experiencia que influy\u00f3 en su sentido del volumen y la escena.<\/p>\n<p>Su trayectoria lo llev\u00f3 a ser finalista del CFDA\/Vogue Fashion Fund, uno de los programas m\u00e1s importantes para dise\u00f1adores emergentes en la industria estadounidense.<\/p>\n<h5 class=\"wp-block-heading\"><strong>M\u00e1s all\u00e1 de la pasarela<\/strong><\/h5>\n<p>El trabajo de Campos tambi\u00e9n tiene un impacto fuera de la moda. En Honduras, fund\u00f3 la primera escuela de dise\u00f1o de moda en UNITEC, creando oportunidades para j\u00f3venes interesados en la industria. Adem\u00e1s, ha impulsado iniciativas como Honduras Global, enfocadas en conectar talento local con profesionales en el extranjero.<\/p>\n<p>Su propuesta est\u00e9tica que muchos describen como una mezcla entre modernidad y herencia latina se ha convertido en referencia para dise\u00f1adores que buscan construir una voz propia sin desconectarse de sus ra\u00edces.<\/p>\n<figure class=\"wp-block-gallery has-nested-images columns-default is-cropped wp-block-gallery-1 is-layout-flex wp-block-gallery-is-layout-flex\">\n<figure class=\"wp-block-image size-large\"><img loading=\"lazy\" decoding=\"async\" width=\"819\" height=\"1024\" data-id=\"647441\" src=\"https:\/\/cdn.deultimominuto.net\/wp-content\/uploads\/2026\/04\/ccb4803a-f8f8-407b-b6e9-c42e751173d3-819x1024.jpg\" alt='\"Arquitectura en Movimiento\": Carlos Campos New York presenta su colecci\u00f3n Primavera\/Verano 2026 - Noticias de hoy en Rep\u00fablica Dominicana | De \u00daltimo Minuto' class=\"wp-image-647441\" title='\"Arquitectura en Movimiento\": Carlos Campos New York presenta su colecci\u00f3n Primavera\/Verano 2026 | 1 |'><\/figure>\n<\/figure>\n<figure class=\"wp-block-gallery has-nested-images columns-default is-cropped wp-block-gallery-2 is-layout-flex wp-block-gallery-is-layout-flex\">\n<figure class=\"wp-block-image size-large\"><img loading=\"lazy\" decoding=\"async\" width=\"1024\" height=\"1024\" data-id=\"647442\" src=\"https:\/\/cdn.deultimominuto.net\/wp-content\/uploads\/2026\/04\/27de1893-26ac-4121-9b17-917b861783aa-1024x1024.jpg\" alt='\"Arquitectura en Movimiento\": Carlos Campos New York presenta su colecci\u00f3n Primavera\/Verano 2026 - Noticias de hoy en Rep\u00fablica Dominicana | De \u00daltimo Minuto' class=\"wp-image-647442\" title='\"Arquitectura en Movimiento\": Carlos Campos New York presenta su colecci\u00f3n Primavera\/Verano 2026 | 2 |'><\/figure>\n<\/figure>\n<p>\u200bNUEVA YORK, NY.- La firma Carlos Campos New York, dirigida por el dise\u00f1ador hondure\u00f1o Carlos Campos, presenta su colecci\u00f3n Primavera\/Verano 2026, una propuesta que explora la relaci\u00f3n entre estructura, movimiento e identidad desde una mirada contempor\u00e1nea del menswear. Con base en Nueva York, Campos ha construido un lenguaje propio donde la sastrer\u00eda cl\u00e1sica se encuentra\u00a0\u00a0Internacionales, arquitectura, Carlos Campos, coleccion, primavera, Verano\u00a0\u00a0<\/p>\n","protected":false},"excerpt":{"rendered":"<p>NUEVA YORK, NY.- La firma Carlos Campos New York, dirigida por el dise\u00f1ador hondure\u00f1o Carlos Campos, presenta su colecci\u00f3n Primavera\/Verano 2026, una propuesta que explora la relaci\u00f3n entre estructura, movimiento e identidad desde una mirada contempor\u00e1nea del menswear. Con base en Nueva York, Campos ha construido un lenguaje propio donde la sastrer\u00eda cl\u00e1sica se encuentra [&hellip;]<\/p>\n","protected":false},"author":1,"featured_media":25720,"comment_status":"open","ping_status":"open","sticky":false,"template":"","format":"standard","meta":{"amp_status":"","footnotes":""},"categories":[3],"tags":[],"class_list":["post-25719","post","type-post","status-publish","format-standard","has-post-thumbnail","hentry","category-de-ultimo-minuto"],"_links":{"self":[{"href":"https:\/\/ermdigital.com\/index.php\/wp-json\/wp\/v2\/posts\/25719","targetHints":{"allow":["GET"]}}],"collection":[{"href":"https:\/\/ermdigital.com\/index.php\/wp-json\/wp\/v2\/posts"}],"about":[{"href":"https:\/\/ermdigital.com\/index.php\/wp-json\/wp\/v2\/types\/post"}],"author":[{"embeddable":true,"href":"https:\/\/ermdigital.com\/index.php\/wp-json\/wp\/v2\/users\/1"}],"replies":[{"embeddable":true,"href":"https:\/\/ermdigital.com\/index.php\/wp-json\/wp\/v2\/comments?post=25719"}],"version-history":[{"count":0,"href":"https:\/\/ermdigital.com\/index.php\/wp-json\/wp\/v2\/posts\/25719\/revisions"}],"wp:featuredmedia":[{"embeddable":true,"href":"https:\/\/ermdigital.com\/index.php\/wp-json\/wp\/v2\/media\/25720"}],"wp:attachment":[{"href":"https:\/\/ermdigital.com\/index.php\/wp-json\/wp\/v2\/media?parent=25719"}],"wp:term":[{"taxonomy":"category","embeddable":true,"href":"https:\/\/ermdigital.com\/index.php\/wp-json\/wp\/v2\/categories?post=25719"},{"taxonomy":"post_tag","embeddable":true,"href":"https:\/\/ermdigital.com\/index.php\/wp-json\/wp\/v2\/tags?post=25719"}],"curies":[{"name":"wp","href":"https:\/\/api.w.org\/{rel}","templated":true}]}}