{"id":25717,"date":"2026-04-28T17:41:39","date_gmt":"2026-04-28T21:41:39","guid":{"rendered":"https:\/\/ermdigital.com\/index.php\/2026\/04\/28\/denuncian-desbordamiento-de-aguas-residuales-frente-a-hospital-publico-en-las-terrenas\/"},"modified":"2026-04-28T17:41:39","modified_gmt":"2026-04-28T21:41:39","slug":"denuncian-desbordamiento-de-aguas-residuales-frente-a-hospital-publico-en-las-terrenas","status":"publish","type":"post","link":"https:\/\/ermdigital.com\/index.php\/2026\/04\/28\/denuncian-desbordamiento-de-aguas-residuales-frente-a-hospital-publico-en-las-terrenas\/","title":{"rendered":"Denuncian desbordamiento de aguas residuales frente a hospital p\u00fablico en Las Terrenas"},"content":{"rendered":"<p><strong>Las Terrenas.<\/strong> \u2014 Ciudadanos denunciaron en las \u00faltimas horas el desbordamiento de un registro de aguas negras ubicado frente al hospital p\u00fablico de este municipio tur\u00edstico, situaci\u00f3n que ha generado preocupaci\u00f3n por los riesgos sanitarios que representa.<\/p>\n<p>A trav\u00e9s de videos difundidos en grupos de WhatsApp y redes sociales, comunitarios han dado la voz de alerta sobre el estado cr\u00edtico del sistema de alcantarillado en la zona, evidenciando el derrame de aguas residuales en plena v\u00eda p\u00fablica.<\/p>\n<p>Este problema no es nuevo. Desde hace a\u00f1os, Las Terrenas enfrenta serias dificultades en materia sanitaria, especialmente con registros de aguas negras, incluyendo uno situado frente a la emblem\u00e1tica Plaza Ta\u00edna, cerca del \u00e1rea del puerto, el cual ha sido un constante dolor de cabeza tanto para las autoridades municipales como para el Gobierno central.<\/p>\n<h4 class=\"wp-block-heading\"><strong>Recomendamos leer:<a href=\"https:\/\/deultimominuto.net\/enlaces\/\" data-type=\"page\" data-id=\"491852\"> Distrito Municipal El Lim\u00f3n eval\u00faa da\u00f1os tras intensas lluvias<\/a><\/strong><a href=\"https:\/\/deultimominuto.net\/category\/nacionales\/\"><\/a><\/h4>\n<p>Ante esta situaci\u00f3n, se hace un llamado urgente al Instituto Nacional de Aguas Potables y Alcantarillados (INAPA), as\u00ed como a las dem\u00e1s instituciones competentes, para que intervengan de manera inmediata y ofrezcan una soluci\u00f3n definitiva a esta problem\u00e1tica.<\/p>\n<p>Los denunciantes se\u00f1alan que un municipio tur\u00edstico de la importancia de Las Terrenas no puede continuar enfrentando este tipo de situaciones, que afectan la salud p\u00fablica, la imagen del destino y la calidad de vida de sus residentes.<\/p>\n<\/p>\n<p>\u200bLas Terrenas. \u2014 Ciudadanos denunciaron en las \u00faltimas horas el desbordamiento de un registro de aguas negras ubicado frente al hospital p\u00fablico de este municipio tur\u00edstico, situaci\u00f3n que ha generado preocupaci\u00f3n por los riesgos sanitarios que representa. A trav\u00e9s de videos difundidos en grupos de WhatsApp y redes sociales, comunitarios han dado la voz de\u00a0\u00a0Nacionales, Denuncian, p\u00fablico, Terrenas\u00a0\u00a0<\/p>\n","protected":false},"excerpt":{"rendered":"<p>Las Terrenas. \u2014 Ciudadanos denunciaron en las \u00faltimas horas el desbordamiento de un registro de aguas negras ubicado frente al hospital p\u00fablico de este municipio tur\u00edstico, situaci\u00f3n que ha generado preocupaci\u00f3n por los riesgos sanitarios que representa. A trav\u00e9s de videos difundidos en grupos de WhatsApp y redes sociales, comunitarios han dado la voz de [&hellip;]<\/p>\n","protected":false},"author":1,"featured_media":25718,"comment_status":"open","ping_status":"open","sticky":false,"template":"","format":"standard","meta":{"amp_status":"","footnotes":""},"categories":[3],"tags":[],"class_list":["post-25717","post","type-post","status-publish","format-standard","has-post-thumbnail","hentry","category-de-ultimo-minuto"],"_links":{"self":[{"href":"https:\/\/ermdigital.com\/index.php\/wp-json\/wp\/v2\/posts\/25717","targetHints":{"allow":["GET"]}}],"collection":[{"href":"https:\/\/ermdigital.com\/index.php\/wp-json\/wp\/v2\/posts"}],"about":[{"href":"https:\/\/ermdigital.com\/index.php\/wp-json\/wp\/v2\/types\/post"}],"author":[{"embeddable":true,"href":"https:\/\/ermdigital.com\/index.php\/wp-json\/wp\/v2\/users\/1"}],"replies":[{"embeddable":true,"href":"https:\/\/ermdigital.com\/index.php\/wp-json\/wp\/v2\/comments?post=25717"}],"version-history":[{"count":0,"href":"https:\/\/ermdigital.com\/index.php\/wp-json\/wp\/v2\/posts\/25717\/revisions"}],"wp:featuredmedia":[{"embeddable":true,"href":"https:\/\/ermdigital.com\/index.php\/wp-json\/wp\/v2\/media\/25718"}],"wp:attachment":[{"href":"https:\/\/ermdigital.com\/index.php\/wp-json\/wp\/v2\/media?parent=25717"}],"wp:term":[{"taxonomy":"category","embeddable":true,"href":"https:\/\/ermdigital.com\/index.php\/wp-json\/wp\/v2\/categories?post=25717"},{"taxonomy":"post_tag","embeddable":true,"href":"https:\/\/ermdigital.com\/index.php\/wp-json\/wp\/v2\/tags?post=25717"}],"curies":[{"name":"wp","href":"https:\/\/api.w.org\/{rel}","templated":true}]}}