{"id":25715,"date":"2026-04-28T17:52:43","date_gmt":"2026-04-28T21:52:43","guid":{"rendered":"https:\/\/ermdigital.com\/index.php\/2026\/04\/28\/don-miguelo-cancela-presentaciones-tras-fallecimiento-de-su-padre\/"},"modified":"2026-04-28T17:52:43","modified_gmt":"2026-04-28T21:52:43","slug":"don-miguelo-cancela-presentaciones-tras-fallecimiento-de-su-padre","status":"publish","type":"post","link":"https:\/\/ermdigital.com\/index.php\/2026\/04\/28\/don-miguelo-cancela-presentaciones-tras-fallecimiento-de-su-padre\/","title":{"rendered":"Don Miguelo cancela presentaciones tras fallecimiento de su padre"},"content":{"rendered":"<p><strong>Santo Domingo, .<\/strong> \u2014 El artista urbano Don Miguelo anunci\u00f3 la cancelaci\u00f3n de todas sus presentaciones hasta nuevo aviso, tras el fallecimiento de su padre en Estados Unidos.<\/p>\n<p>A trav\u00e9s de un comunicado difundido en sus redes sociales, el int\u00e9rprete explic\u00f3 que el dif\u00edcil momento personal que atraviesa, sumado a compromisos pendientes en el pa\u00eds y en San Mart\u00edn, lo llev\u00f3 a tomar la decisi\u00f3n de hacer una pausa temporal en su carrera art\u00edstica.<\/p>\n<p>El exponente expres\u00f3 que se trata de una etapa de duelo que requiere tiempo y espacio, por lo que priorizar\u00e1 estar junto a su familia. Asimismo, agradeci\u00f3 profundamente las muestras de solidaridad, cari\u00f1o y respeto que ha recibido por parte de sus seguidores, colegas y allegados.<\/p>\n<p>\u201cGracias por la comprensi\u00f3n en este momento tan dif\u00edcil\u201d, se\u00f1al\u00f3 el artista, sin ofrecer mayores detalles sobre las circunstancias del fallecimiento.<\/p>\n<h4 class=\"wp-block-heading\"><strong>Recomendamos leer:<a href=\"https:\/\/deultimominuto.net\/enlaces\/\" data-type=\"page\" data-id=\"491852\"> Ariana Grande publicar\u00e1 el 31 de julio su nuevo \u00e1lbum: \u2018Petal\u2019<\/a><\/strong><a href=\"https:\/\/deultimominuto.net\/category\/entretenimiento\/\"><\/a><\/h4>\n<p>La suspensi\u00f3n de sus actividades incluye presentaciones previamente pautadas tanto en Rep\u00fablica Dominicana como en escenarios internacionales, lo que ha generado reacciones de apoyo por parte de fan\u00e1ticos en redes sociales, quienes han enviado mensajes de condolencias y fortaleza.<\/p>\n<p>Hasta el momento, no se ha informado si los eventos ser\u00e1n reprogramados o cancelados de manera definitiva, aunque se espera que su equipo de trabajo ofrezca m\u00e1s detalles en los pr\u00f3ximos d\u00edas.<\/p>\n<p>Don Miguelo es uno de los exponentes m\u00e1s reconocidos de la m\u00fasica urbana dominicana, con una trayectoria consolidada y una amplia base de seguidores tanto a nivel nacional como internacional.<\/p>\n<p>\u200bSanto Domingo, . \u2014 El artista urbano Don Miguelo anunci\u00f3 la cancelaci\u00f3n de todas sus presentaciones hasta nuevo aviso, tras el fallecimiento de su padre en Estados Unidos. A trav\u00e9s de un comunicado difundido en sus redes sociales, el int\u00e9rprete explic\u00f3 que el dif\u00edcil momento personal que atraviesa, sumado a compromisos pendientes en el pa\u00eds\u00a0\u00a0Entretenimiento, Don Miguelo, Fallecimiento, padre\u00a0\u00a0<\/p>\n","protected":false},"excerpt":{"rendered":"<p>Santo Domingo, . \u2014 El artista urbano Don Miguelo anunci\u00f3 la cancelaci\u00f3n de todas sus presentaciones hasta nuevo aviso, tras el fallecimiento de su padre en Estados Unidos. A trav\u00e9s de un comunicado difundido en sus redes sociales, el int\u00e9rprete explic\u00f3 que el dif\u00edcil momento personal que atraviesa, sumado a compromisos pendientes en el pa\u00eds [&hellip;]<\/p>\n","protected":false},"author":1,"featured_media":25716,"comment_status":"open","ping_status":"open","sticky":false,"template":"","format":"standard","meta":{"amp_status":"","footnotes":""},"categories":[3],"tags":[],"class_list":["post-25715","post","type-post","status-publish","format-standard","has-post-thumbnail","hentry","category-de-ultimo-minuto"],"_links":{"self":[{"href":"https:\/\/ermdigital.com\/index.php\/wp-json\/wp\/v2\/posts\/25715","targetHints":{"allow":["GET"]}}],"collection":[{"href":"https:\/\/ermdigital.com\/index.php\/wp-json\/wp\/v2\/posts"}],"about":[{"href":"https:\/\/ermdigital.com\/index.php\/wp-json\/wp\/v2\/types\/post"}],"author":[{"embeddable":true,"href":"https:\/\/ermdigital.com\/index.php\/wp-json\/wp\/v2\/users\/1"}],"replies":[{"embeddable":true,"href":"https:\/\/ermdigital.com\/index.php\/wp-json\/wp\/v2\/comments?post=25715"}],"version-history":[{"count":0,"href":"https:\/\/ermdigital.com\/index.php\/wp-json\/wp\/v2\/posts\/25715\/revisions"}],"wp:featuredmedia":[{"embeddable":true,"href":"https:\/\/ermdigital.com\/index.php\/wp-json\/wp\/v2\/media\/25716"}],"wp:attachment":[{"href":"https:\/\/ermdigital.com\/index.php\/wp-json\/wp\/v2\/media?parent=25715"}],"wp:term":[{"taxonomy":"category","embeddable":true,"href":"https:\/\/ermdigital.com\/index.php\/wp-json\/wp\/v2\/categories?post=25715"},{"taxonomy":"post_tag","embeddable":true,"href":"https:\/\/ermdigital.com\/index.php\/wp-json\/wp\/v2\/tags?post=25715"}],"curies":[{"name":"wp","href":"https:\/\/api.w.org\/{rel}","templated":true}]}}