{"id":25711,"date":"2026-04-28T18:22:06","date_gmt":"2026-04-28T22:22:06","guid":{"rendered":"https:\/\/ermdigital.com\/index.php\/2026\/04\/28\/fifa-dice-que-infantino-desconocia-la-solicitud-para-canada\/"},"modified":"2026-04-28T18:22:06","modified_gmt":"2026-04-28T22:22:06","slug":"fifa-dice-que-infantino-desconocia-la-solicitud-para-canada","status":"publish","type":"post","link":"https:\/\/ermdigital.com\/index.php\/2026\/04\/28\/fifa-dice-que-infantino-desconocia-la-solicitud-para-canada\/","title":{"rendered":"FIFA dice que Infantino desconoc\u00eda la solicitud para Canad\u00e1"},"content":{"rendered":"<p>\u00a0\u00a0<\/p>\n<p>La <strong>FIFA declar\u00f3<\/strong> este martes que su presidente, <strong>Gianni Infantino<\/strong>, desconoc\u00eda la supuesta solicitud de una <strong>caravana policial<\/strong> especial en Vancouver, con motivo del <strong>Congreso de la FIFA<\/strong> de esta semana.<\/p>\n<p>La cadena canadiense <strong>Global News BC<\/strong> cit\u00f3 <strong>fuentes an\u00f3nimas<\/strong> que afirmaban que funcionarios de la <strong>FIFA<\/strong> hab\u00edan solicitado que Infantino contara con una <strong>escolta policial<\/strong> similar a la que se proporciona al Papa o a jefes de Estado.<\/p>\n<p>La cadena indic\u00f3 que la solicitud, que permitir\u00eda a la caravana de Infantino circular por la ciudad <strong>sin obst\u00e1culos<\/strong> de tr\u00e1fico, fue rechazada.<\/p>\n<p>El principal <strong>\u00f3rgano del f\u00fatbol<\/strong> mundial rechaz\u00f3 que Infantino estuviera involucrado en la solicitud, pero <strong>no neg\u00f3<\/strong> expl\u00edcitamente que se hubiera realizado.<\/p>\n<p>\"El presidente de la <strong>FIFA<\/strong> <strong>no estaba al tanto<\/strong> ni particip\u00f3 en ninguna solicitud a las autoridades en relaci\u00f3n con su <strong>transporte y seguridad<\/strong> para el 76.\u00ba <strong>Congreso de la FIFA<\/strong>\", declar\u00f3 un portavoz de la federaci\u00f3n internacional.<\/p>\n<p>Agreg\u00f3 que seg\u00fan los acuerdos previos para este tipo de eventos, el <strong>Comit\u00e9 de Canad\u00e1<\/strong> para el Mundial 2026 \"se puso en contacto con las autoridades para solicitar apoyo en relaci\u00f3n con todos los delegados, invitados y dem\u00e1s partes interesadas\".<\/p>\n<p>\"La <strong>FIFA no se pronuncia<\/strong> sobre los protocolos de <strong>transporte y seguridad<\/strong> relacionados con el presidente de la <strong>FIFA<\/strong> y agradece a las <strong>fuerzas del orden<\/strong> de Vancouver su continuo apoyo esta semana\".<\/p>\n<div class=\"w-full pt-2 float-left inside-related\"><strong>RELACIONADAS<\/strong><\/p>\n<article class=\"flex flex-wrap border-b pb-4 mb-3 inline-block\">\n<div class=\"xl:w-2\/12 w-4\/12\">\n<figure class=\"mb-0\"><img loading=\"lazy\" decoding=\"async\" src=\"https:\/\/resources.diariolibre.com\/images\/2026\/04\/12\/rd-gana-premio-internacional-por-su-lucha-contra-el-cancer-infantil-acc6a06e-focus-0-0-149-99.jpg\" width=\"149\" height=\"99\" title=\"Rep\u00fablica Dominicana gana premio internacional por su lucha contra el c\u00e1ncer infantil\" alt=\"Rep\u00fablica Dominicana gana premio internacional por su lucha contra el c\u00e1ncer infantil\" class=\"object-cover\" \/><\/figure>\n<\/div>\n<\/article>\n<article class=\"flex flex-wrap border-b pb-4 mb-3 inline-block\">\n<div class=\"xl:w-2\/12 w-4\/12\">\n<figure class=\"mb-0\"><img loading=\"lazy\" decoding=\"async\" src=\"https:\/\/resources.diariolibre.com\/images\/2026\/04\/15\/santo-domingo-2026-boxeadores-de-rdse-prepara-en-brasil-ce9e16a8-focus-0.26-0.59-149-99.jpg\" width=\"149\" height=\"99\" title=\"Boxeadores de RD se preparan en Brasil para Juegos Centroamericanos y del Caribe Santo Domingo 2026\" alt=\"Boxeadores de RD se preparan en Brasil para Juegos Centroamericanos y del Caribe Santo Domingo 2026\" class=\"object-cover\" \/><\/figure>\n<\/div>\n<\/article>\n<article class=\"flex flex-wrap border-b pb-4 mb-3 inline-block\">\n<div class=\"xl:w-2\/12 w-4\/12\">\n<figure class=\"mb-0\"><img loading=\"lazy\" decoding=\"async\" src=\"https:\/\/resources.diariolibre.com\/images\/2025\/10\/22\/mundial-de-futbol-wisin-dice-que-himno-mundial-es-proyecto-de-paz-e30bdb5d-focus-0-0-149-99.jpg\" width=\"149\" height=\"99\" title=\"FIFA activa nueva fase de venta de entradas para el Mundial 2026\" alt=\"FIFA activa nueva fase de venta de entradas para el Mundial 2026\" class=\"object-cover\" \/><\/figure>\n<\/div>\n<\/article>\n<\/div>\n<p>Global News cit\u00f3 una declaraci\u00f3n del alcalde de Vancouver, <strong>Ken Sim<\/strong>, en la que afirmaba que \"cualquier <strong>medida de transporte<\/strong> que se adopte ser\u00e1 apropiada, prudente y coherente con la forma en que Vancouver organiza <strong>grandes eventos internacionales<\/strong> de forma segura\".<\/p>\n<ul class=\"list-text\">\n<li>El Congreso de la <strong>FIFA<\/strong> comienza el jueves en <strong>Vancouver<\/strong>, ciudad que tambi\u00e9n acoger\u00e1 siete partidos durante el <strong>Mundial.<\/strong><\/li>\n<\/ul>\n<p>rcw\/lp\/ag\/ma<\/p>\n<div class=\"border-t border-b py-2 my-5 tags-container\"><strong>TEMAS &#8211; <\/strong><\/p>\n<ul>\n<li><\/li>\n<li>\n<div class=\"inline-block border p-2 rounded-full align-middle\">\n<p><a href=\"https:\/\/www.diariolibre.com\/tags\/canada\/5747\" title=\"Canad\u00e1\">Canad\u00e1<\/a><\/p>\n<\/div>\n<\/li>\n<li>\n<div class=\"inline-block border p-2 rounded-full align-middle\">\n<p><a href=\"https:\/\/www.diariolibre.com\/tags\/gianni-infantino\/1900\" title=\"Gianni Infantino\">Gianni Infantino<\/a><\/p>\n<\/div>\n<\/li>\n<\/ul>\n<\/div>\n<p>\u00a0<\/p>\n","protected":false},"excerpt":{"rendered":"<p>\u00a0\u00a0 La FIFA declar\u00f3 este martes que su presidente, Gianni Infantino, desconoc\u00eda la supuesta solicitud de una caravana policial especial en Vancouver, con motivo del Congreso de la FIFA de esta semana. La cadena canadiense Global News BC cit\u00f3 fuentes an\u00f3nimas que afirmaban que funcionarios de la FIFA hab\u00edan solicitado que Infantino contara con una [&hellip;]<\/p>\n","protected":false},"author":1,"featured_media":25712,"comment_status":"open","ping_status":"open","sticky":false,"template":"","format":"standard","meta":{"amp_status":"","footnotes":""},"categories":[4],"tags":[],"class_list":["post-25711","post","type-post","status-publish","format-standard","has-post-thumbnail","hentry","category-deportes"],"_links":{"self":[{"href":"https:\/\/ermdigital.com\/index.php\/wp-json\/wp\/v2\/posts\/25711","targetHints":{"allow":["GET"]}}],"collection":[{"href":"https:\/\/ermdigital.com\/index.php\/wp-json\/wp\/v2\/posts"}],"about":[{"href":"https:\/\/ermdigital.com\/index.php\/wp-json\/wp\/v2\/types\/post"}],"author":[{"embeddable":true,"href":"https:\/\/ermdigital.com\/index.php\/wp-json\/wp\/v2\/users\/1"}],"replies":[{"embeddable":true,"href":"https:\/\/ermdigital.com\/index.php\/wp-json\/wp\/v2\/comments?post=25711"}],"version-history":[{"count":0,"href":"https:\/\/ermdigital.com\/index.php\/wp-json\/wp\/v2\/posts\/25711\/revisions"}],"wp:featuredmedia":[{"embeddable":true,"href":"https:\/\/ermdigital.com\/index.php\/wp-json\/wp\/v2\/media\/25712"}],"wp:attachment":[{"href":"https:\/\/ermdigital.com\/index.php\/wp-json\/wp\/v2\/media?parent=25711"}],"wp:term":[{"taxonomy":"category","embeddable":true,"href":"https:\/\/ermdigital.com\/index.php\/wp-json\/wp\/v2\/categories?post=25711"},{"taxonomy":"post_tag","embeddable":true,"href":"https:\/\/ermdigital.com\/index.php\/wp-json\/wp\/v2\/tags?post=25711"}],"curies":[{"name":"wp","href":"https:\/\/api.w.org\/{rel}","templated":true}]}}