{"id":25675,"date":"2026-04-28T16:37:28","date_gmt":"2026-04-28T20:37:28","guid":{"rendered":"https:\/\/ermdigital.com\/index.php\/2026\/04\/28\/petro-afirma-que-la-cifra-de-los-asesinatos-llamados-falsos-positivos-asciende-a-7-837-casos\/"},"modified":"2026-04-28T16:37:28","modified_gmt":"2026-04-28T20:37:28","slug":"petro-afirma-que-la-cifra-de-los-asesinatos-llamados-falsos-positivos-asciende-a-7-837-casos","status":"publish","type":"post","link":"https:\/\/ermdigital.com\/index.php\/2026\/04\/28\/petro-afirma-que-la-cifra-de-los-asesinatos-llamados-falsos-positivos-asciende-a-7-837-casos\/","title":{"rendered":"Petro afirma que la cifra de los asesinatos llamados \u2018falsos positivos\u2019 asciende a 7.837 casos"},"content":{"rendered":"<p><strong>Bogot\u00e1 .- <\/strong>El presidente colombiano, Gustavo Petro, anunci\u00f3 este martes que el n\u00famero de v\u00edctimas de ejecuciones cometidas por militares, conocidas como \u2018falsos positivos\u2019, es de 7.837, un 22 % m\u00e1s de casos que los revelados hace cinco a\u00f1os por la Jurisdicci\u00f3n Especial para la Paz (JEP).<\/p>\n<p>\u00abSe eleva a 7.837 la cifra de j\u00f3venes asesinados por la fuerza p\u00fablica dirigida por el expresidente (\u00c1lvaro) Uribe y que eran presentados como guerrilleros dados de baja. Este es el peor crimen contra la humanidad cometido en las Am\u00e9ricas en este siglo\u00bb, manifest\u00f3 Petro en su cuenta de X.<\/p>\n<p>En febrero de 2021, la JEP dijo que, con base en sus investigaciones, estableci\u00f3 \u00abque por lo menos 6.402 personas fueron muertas ileg\u00edtimamente para ser presentadas como bajas en combate en todo el territorio nacional entre 2002 y 2008\u00bb, periodo que coincide con los dos mandatos de Uribe (2002-2010).<\/p>\n<p>Sin embargo, Petro cit\u00f3 hoy una declaraci\u00f3n del magistrado Pedro El\u00edas D\u00edaz, quien en una audiencia celebrada el pasado domingo en Apartad\u00f3, en el departamento de Antioquia (noroeste), por la masacre de La Resbalosa, perpetrada el 21 de febrero de 2005, dijo que la cifra de los \u2018falsos positivos\u2019 es mayor.<\/p>\n<h4 class=\"wp-block-heading\"><strong>Recomendamos leer: <a href=\"https:\/\/deultimominuto.net\/enlaces\/\" data-type=\"page\" data-id=\"491852\">El Pent\u00e1gono pide al Congreso oficializar el cambio de nombre al \"Departamento de Guerra\"<\/a><\/strong><a href=\"https:\/\/deultimominuto.net\/category\/internacionales\/\"><\/a><\/h4>\n<p>Seg\u00fan D\u00edaz, hay \u00abestad\u00edsticas de homicidios y desapariciones forzadas presuntamente atribuibles a la fuerza p\u00fablica entre los a\u00f1os 1990 y 2016 a nivel nacional clasificados como muertes ileg\u00edtimas presentadas como bajas en combate que corresponden a 7.837 v\u00edctimas\u00bb.<\/p>\n<p>\u00abEsa cifra es din\u00e1mica conforme avanzan los casos que se abordaron en el Macrocaso 03, sobre asesinatos y desapariciones forzadas presentadas falsamente como bajas en combate por agentes del Estado\u00bb, agreg\u00f3 el magistrado sobre esa nuevo n\u00famero.<\/p>\n<h4 class=\"wp-block-heading\">Confirmaci\u00f3n por parte de la JEP<\/h4>\n<p>Al respecto, el presidente de la JEP, Alejandro Ramelli, explic\u00f3 hoy que la actualizaci\u00f3n de la cifra corresponde a la ampliaci\u00f3n del periodo de an\u00e1lisis, que antes era de 2002 a 2008 y ahora es de 1990 a 2016, y a un nuevo cruce de datos e informes.<\/p>\n<p>\u00abSiempre hemos dicho que esa cifra de 6.402 es un universo provisional de hechos, algo que puede cambiar\u00bb, afirm\u00f3 Ramelli durante la presentaci\u00f3n del informe de imputaci\u00f3n a 20 exguerrilleros de las FARC por el reclutamiento y utilizaci\u00f3n de ni\u00f1as y ni\u00f1os en el conflicto armado.<\/p>\n<p>Ramelli inform\u00f3 que a\u00fan falta sumar datos de la Sala de Definici\u00f3n de Situaciones Jur\u00eddicas de la JEP, que actualmente se encuentra realizando audiencias en las que algunos comparecientes confiesan estos cr\u00edmenes.<\/p>\n<p>\u00abLo m\u00e1s probable es que incluso esta cifra vaya a aumentar en el futuro\u00bb, dijo Ramelli.<\/p>\n<p>Los llamados \u2018falsos positivos\u2019, uno de los cap\u00edtulos m\u00e1s oscuros del conflicto armado colombiano, fueron ejecuciones de civiles por parte de miembros del Ej\u00e9rcito que luego presentaban a las v\u00edctimas como guerrilleros muertos en combate para recibir recompensas o beneficios.<\/p>\n<p>Las v\u00edctimas generalmente eran j\u00f3venes pobres o discapacitados que fueron reclutados con falsas promesa de empleo y luego llevados a lugares de Colombia distintos a su sitio de residencia donde fueron ejecutados.<\/p>\n<p>La JEP, tribunal creado por el acuerdo de paz con las FARC en 2016 para investigar y juzgar los cr\u00edmenes cometidos con ocasi\u00f3n del conflicto armado, conden\u00f3 en diciembre pasado a 20 a\u00f1os de prisi\u00f3n al coronel retirado del Ej\u00e9rcito Publio Hern\u00e1n Mej\u00eda al hallarlo penalmente responsable de cr\u00edmenes de guerra y de lesa humanidad por estos asesinatos.<\/p>\n<ul class=\"wp-block-list\">\n<li><a href=\"https:\/\/efe.com\/mundo\/\" target=\"_blank\" rel=\"noopener\">Mundo<\/a><\/li>\n<\/ul>\n<p>\u200bBogot\u00e1 .- El presidente colombiano, Gustavo Petro, anunci\u00f3 este martes que el n\u00famero de v\u00edctimas de ejecuciones cometidas por militares, conocidas como \u2018falsos positivos\u2019, es de 7.837, un 22 % m\u00e1s de casos que los revelados hace cinco a\u00f1os por la Jurisdicci\u00f3n Especial para la Paz (JEP). \u00abSe eleva a 7.837 la cifra de j\u00f3venes\u00a0\u00a0Internacionales, llamados, Petro, positivos\u00a0\u00a0<\/p>\n","protected":false},"excerpt":{"rendered":"<p>Bogot\u00e1 .- El presidente colombiano, Gustavo Petro, anunci\u00f3 este martes que el n\u00famero de v\u00edctimas de ejecuciones cometidas por militares, conocidas como \u2018falsos positivos\u2019, es de 7.837, un 22 % m\u00e1s de casos que los revelados hace cinco a\u00f1os por la Jurisdicci\u00f3n Especial para la Paz (JEP). \u00abSe eleva a 7.837 la cifra de j\u00f3venes [&hellip;]<\/p>\n","protected":false},"author":1,"featured_media":25676,"comment_status":"open","ping_status":"open","sticky":false,"template":"","format":"standard","meta":{"amp_status":"","footnotes":""},"categories":[3],"tags":[],"class_list":["post-25675","post","type-post","status-publish","format-standard","has-post-thumbnail","hentry","category-de-ultimo-minuto"],"_links":{"self":[{"href":"https:\/\/ermdigital.com\/index.php\/wp-json\/wp\/v2\/posts\/25675","targetHints":{"allow":["GET"]}}],"collection":[{"href":"https:\/\/ermdigital.com\/index.php\/wp-json\/wp\/v2\/posts"}],"about":[{"href":"https:\/\/ermdigital.com\/index.php\/wp-json\/wp\/v2\/types\/post"}],"author":[{"embeddable":true,"href":"https:\/\/ermdigital.com\/index.php\/wp-json\/wp\/v2\/users\/1"}],"replies":[{"embeddable":true,"href":"https:\/\/ermdigital.com\/index.php\/wp-json\/wp\/v2\/comments?post=25675"}],"version-history":[{"count":0,"href":"https:\/\/ermdigital.com\/index.php\/wp-json\/wp\/v2\/posts\/25675\/revisions"}],"wp:featuredmedia":[{"embeddable":true,"href":"https:\/\/ermdigital.com\/index.php\/wp-json\/wp\/v2\/media\/25676"}],"wp:attachment":[{"href":"https:\/\/ermdigital.com\/index.php\/wp-json\/wp\/v2\/media?parent=25675"}],"wp:term":[{"taxonomy":"category","embeddable":true,"href":"https:\/\/ermdigital.com\/index.php\/wp-json\/wp\/v2\/categories?post=25675"},{"taxonomy":"post_tag","embeddable":true,"href":"https:\/\/ermdigital.com\/index.php\/wp-json\/wp\/v2\/tags?post=25675"}],"curies":[{"name":"wp","href":"https:\/\/api.w.org\/{rel}","templated":true}]}}