{"id":25671,"date":"2026-04-28T16:55:12","date_gmt":"2026-04-28T20:55:12","guid":{"rendered":"https:\/\/ermdigital.com\/index.php\/2026\/04\/28\/trae-refuerza-transporte-escolar-en-la-region-sur-con-70-nuevos-nombramientos\/"},"modified":"2026-04-28T16:55:12","modified_gmt":"2026-04-28T20:55:12","slug":"trae-refuerza-transporte-escolar-en-la-region-sur-con-70-nuevos-nombramientos","status":"publish","type":"post","link":"https:\/\/ermdigital.com\/index.php\/2026\/04\/28\/trae-refuerza-transporte-escolar-en-la-region-sur-con-70-nuevos-nombramientos\/","title":{"rendered":"TRAE refuerza transporte escolar en la regi\u00f3n Sur con 70 nuevos nombramientos"},"content":{"rendered":"<p><strong>Azua, R.D.<\/strong> \u2013 El Sistema Nacional de Transporte Estudiantil (TRAE) dio un nuevo paso en el <a href=\"https:\/\/ministeriodeeducacion.gob.do\/sobre-nosotros\/areas-institucionales\/sistema-nacional-de-transporte-estudiantil\" target=\"_blank\" rel=\"noopener\">fortalecimiento<\/a> del transporte escolar en la regi\u00f3n Sur, al entregar certificados y oficializar 70 nuevos nombramientos para personal operativo en varias provincias del pa\u00eds.<\/p>\n<p>La actividad fue encabezada por el director ejecutivo de TRAE, Luis Felipe Cartagena, quien destac\u00f3 la importancia de continuar ampliando y mejorando este servicio que impacta de manera directa a miles de estudiantes y sus familias.<\/p>\n<p>Los nuevos nombramientos corresponden a choferes, auxiliares y lavadores que prestar\u00e1n servicio en las regionales educativas 01 de Barahona, 02 de San Juan, 03 de Azua y 18 de Bahoruco. De ese total, 14 fueron destinados a la Regional 03 de Azua.<\/p>\n<p>Previo al acto protocolar, Cartagena sostuvo una reuni\u00f3n estrat\u00e9gica con el director regional de Educaci\u00f3n 03, Jorge Antonio De los Santos, y los directores de los cinco distritos educativos de Azua, donde se evaluaron acciones para optimizar la cobertura, eficiencia y calidad del transporte estudiantil.<\/p>\n<p><strong>Recomendamos leer:<a href=\"https:\/\/deultimominuto.net\/nacionales\/trae-celebra-tres-anos-transformando-la-educacion-dominicana-con-mas-de-53-millones-de-traslados-seguros-y-gratuitos\/\">TRAE celebra tres a\u00f1os transformando la educaci\u00f3n dominicana con m\u00e1s de 53 millones de traslados seguros y gratuitos<\/a><\/strong><\/p>\n<p>En la ceremonia tambi\u00e9n estuvieron presentes la gobernadora provincial, Minerva Navarro; el coordinador regional, Joseph Benzant; y el director de la Junta Distrital de Villarpando, Heriberto Senci\u00f3n, junto a otras autoridades educativas y representantes comunitarios.<\/p>\n<p>La expansi\u00f3n del programa TRAE forma parte de los esfuerzos del Gobierno para garantizar que los<a href=\"https:\/\/deultimominuto.net\/economia\/el-transporte-estudiantil-trae-ha-generado-mas-de-rd-12000-millones-en-ahorros-para-las-familias\/\"> estudiantes <\/a>lleguen de manera segura y gratuita a los centros educativos, reduciendo costos familiares y fortaleciendo la permanencia escolar.<\/p>\n<figure class=\"wp-block-gallery has-nested-images columns-default is-cropped wp-block-gallery-1 is-layout-flex wp-block-gallery-is-layout-flex\">\n<figure class=\"wp-block-image size-large\"><img loading=\"lazy\" decoding=\"async\" width=\"1024\" height=\"684\" data-id=\"647410\" src=\"https:\/\/cdn.deultimominuto.net\/wp-content\/uploads\/2026\/04\/WhatsApp-Image-2026-04-28-at-4.33.58-PM-2-1024x684.jpeg\" alt=\"TRAE refuerza transporte escolar en la regi\u00f3n Sur con 70 nuevos nombramientos - Noticias de hoy en Rep\u00fablica Dominicana | De \u00daltimo Minuto\" class=\"wp-image-647410\" title=\"TRAE refuerza transporte escolar en la regi\u00f3n Sur con 70 nuevos nombramientos | 1 |\"><\/figure>\n<figure class=\"wp-block-image size-large\"><img loading=\"lazy\" decoding=\"async\" width=\"1024\" height=\"684\" data-id=\"647411\" src=\"https:\/\/cdn.deultimominuto.net\/wp-content\/uploads\/2026\/04\/WhatsApp-Image-2026-04-28-at-4.33.58-PM-1024x684.jpeg\" alt=\"TRAE refuerza transporte escolar en la regi\u00f3n Sur con 70 nuevos nombramientos - Noticias de hoy en Rep\u00fablica Dominicana | De \u00daltimo Minuto\" class=\"wp-image-647411\" title=\"TRAE refuerza transporte escolar en la regi\u00f3n Sur con 70 nuevos nombramientos | 2 |\"><\/figure>\n<\/figure>\n<p>\u200bAzua, R.D. \u2013 El Sistema Nacional de Transporte Estudiantil (TRAE) dio un nuevo paso en el fortalecimiento del transporte escolar en la regi\u00f3n Sur, al entregar certificados y oficializar 70 nuevos nombramientos para personal operativo en varias provincias del pa\u00eds. La actividad fue encabezada por el director ejecutivo de TRAE, Luis Felipe Cartagena, quien destac\u00f3\u00a0\u00a0Nacionales, TRAE\u00a0\u00a0<\/p>\n","protected":false},"excerpt":{"rendered":"<p>Azua, R.D. \u2013 El Sistema Nacional de Transporte Estudiantil (TRAE) dio un nuevo paso en el fortalecimiento del transporte escolar en la regi\u00f3n Sur, al entregar certificados y oficializar 70 nuevos nombramientos para personal operativo en varias provincias del pa\u00eds. La actividad fue encabezada por el director ejecutivo de TRAE, Luis Felipe Cartagena, quien destac\u00f3 [&hellip;]<\/p>\n","protected":false},"author":1,"featured_media":25672,"comment_status":"open","ping_status":"open","sticky":false,"template":"","format":"standard","meta":{"amp_status":"","footnotes":""},"categories":[3],"tags":[],"class_list":["post-25671","post","type-post","status-publish","format-standard","has-post-thumbnail","hentry","category-de-ultimo-minuto"],"_links":{"self":[{"href":"https:\/\/ermdigital.com\/index.php\/wp-json\/wp\/v2\/posts\/25671","targetHints":{"allow":["GET"]}}],"collection":[{"href":"https:\/\/ermdigital.com\/index.php\/wp-json\/wp\/v2\/posts"}],"about":[{"href":"https:\/\/ermdigital.com\/index.php\/wp-json\/wp\/v2\/types\/post"}],"author":[{"embeddable":true,"href":"https:\/\/ermdigital.com\/index.php\/wp-json\/wp\/v2\/users\/1"}],"replies":[{"embeddable":true,"href":"https:\/\/ermdigital.com\/index.php\/wp-json\/wp\/v2\/comments?post=25671"}],"version-history":[{"count":0,"href":"https:\/\/ermdigital.com\/index.php\/wp-json\/wp\/v2\/posts\/25671\/revisions"}],"wp:featuredmedia":[{"embeddable":true,"href":"https:\/\/ermdigital.com\/index.php\/wp-json\/wp\/v2\/media\/25672"}],"wp:attachment":[{"href":"https:\/\/ermdigital.com\/index.php\/wp-json\/wp\/v2\/media?parent=25671"}],"wp:term":[{"taxonomy":"category","embeddable":true,"href":"https:\/\/ermdigital.com\/index.php\/wp-json\/wp\/v2\/categories?post=25671"},{"taxonomy":"post_tag","embeddable":true,"href":"https:\/\/ermdigital.com\/index.php\/wp-json\/wp\/v2\/tags?post=25671"}],"curies":[{"name":"wp","href":"https:\/\/api.w.org\/{rel}","templated":true}]}}