{"id":25669,"date":"2026-04-28T16:57:29","date_gmt":"2026-04-28T20:57:29","guid":{"rendered":"https:\/\/ermdigital.com\/index.php\/2026\/04\/28\/trump-responde-a-las-criticas-del-canciller-merz-con-razon-a-alemania-le-va-tan-mal\/"},"modified":"2026-04-28T16:57:29","modified_gmt":"2026-04-28T20:57:29","slug":"trump-responde-a-las-criticas-del-canciller-merz-con-razon-a-alemania-le-va-tan-mal","status":"publish","type":"post","link":"https:\/\/ermdigital.com\/index.php\/2026\/04\/28\/trump-responde-a-las-criticas-del-canciller-merz-con-razon-a-alemania-le-va-tan-mal\/","title":{"rendered":"Trump responde a las cr\u00edticas del canciller Merz: \"Con raz\u00f3n a Alemania le va tan mal\""},"content":{"rendered":"<p><strong>Washington<\/strong>. &#8211; El presidente de Estados Unidos, Donald Trump, acus\u00f3 este martes al canciller alem\u00e1n, <strong>Friedrich Merz<\/strong>, de no apoyar a Washington en la guerra contra Ir\u00e1n y recalc\u00f3 que no es de extra\u00f1ar que a Alemania le vaya \u00abtan mal\u00bb, despu\u00e9s de que el alem\u00e1n criticara la estrategia estadounidense en<a href=\"https:\/\/efe.com\/mundo\/2026-04-28\/trump-estados-unidos-alemania-merz-iran-guerra\/\" target=\"_blank\" rel=\"noopener\"> <strong>Oriente Medio<\/strong>.<\/a>\u00a0<\/p>\n<p>\u00abEl canciller de Alemania, Friedrich Merz, cree que est\u00e1 bien que Ir\u00e1n tenga un arma nuclear. \u00a1No sabe de lo que habla! Si Ir\u00e1n tuviera un arma nuclear, el mundo entero estar\u00eda tomado como reh\u00e9n. Yo estoy haciendo ahora mismo algo con Ir\u00e1n que otras naciones o presidentes deber\u00edan haber hecho hace mucho tiempo\u00bb, escribi\u00f3 en Truth Social.\u00a0<\/p>\n<p>Trump, que de este modo responde a unas recientes cr\u00edticas de Merz, insisti\u00f3 en que \u00ab\u00a1con raz\u00f3n a Alemania le va tan mal, tanto en lo econ\u00f3mico como en otros aspectos!\u00bb.\u00a0<\/p>\n<p>El mandatario public\u00f3 su mensaje en medio de la visita oficial del rey <strong>Carlos III del Reino Unido<\/strong>, a cuyo primer ministro tambi\u00e9n ha atacado por lo que ve como falta de respaldo en el conflicto contra Ir\u00e1n, y un d\u00eda despu\u00e9s de que el canciller alem\u00e1n afirmara que Teher\u00e1n est\u00e1 \u00abhumillando\u00bb a EE.UU. en las negociaciones de paz.\u00a0<\/p>\n<p>\u00abNo veo una estrategia clara. En un conflicto no solo hay que entrar, sino que se tiene que entrar y hay que saber c\u00f3mo salir. Lo que pasa cuando no se tiene en cuenta esto lo vimos en Afganist\u00e1n, en Irak y ahora en Ir\u00e1n\u00bb, dijo este lunes el jefe del Gobierno alem\u00e1n durante un acto en el oeste del pa\u00eds.\u00a0<\/p>\n<h5 class=\"wp-block-heading\"><strong>Recomendamos leer: <a href=\"https:\/\/deultimominuto.net\/internacionales\/trump-los-britanicos-amigos\/\">Trump, al recibir a Carlos III: Los brit\u00e1nicos son nuestros \"amigos m\u00e1s cercanos\"<\/a><\/strong><\/h5>\n<h2 class=\"wp-block-heading\"><strong>La guerra en Ir\u00e1n<\/strong><\/h2>\n<p>Merz apoy\u00f3 en un comienzo los ataques estadounidenses e israel\u00edes a Ir\u00e1n. Sin embargo, con el paso del tiempo ha asumido una postura cada vez m\u00e1s cr\u00edtica, lo que le ha valido los reproches del republicano.\u00a0<\/p>\n<p>Trump ha criticado repetidamente a sus aliados europeos por no acudir al llamado de Washington, que junto a Israel inici\u00f3 la guerra contra Ir\u00e1n el 28 de febrero, sin consultar o comunicar previamente a sus socios de la OTAN.\u00a0<\/p>\n<p>El mandatario tambi\u00e9n ha denunciado a Espa\u00f1a como un \u00absocio terrible\u00bb despu\u00e9s de que el Ejecutivo de Pedro S\u00e1nchez decidiera cerrar el espacio a\u00e9reo espa\u00f1ol a los aviones estadounidenses que realizan misiones contra Ir\u00e1n y no autorizar el uso de las bases de Mor\u00f3n y Rota en las operaciones militares.\u00a0<\/p>\n<p>\u00ab\u00bfAlguien ha mirado lo mal que le est\u00e1 yendo al pa\u00eds de Espa\u00f1a? Sus cifras econ\u00f3micas, a pesar de aportar casi nada a la OTAN y a su defensa militar, son absolutamente horrendas. \u00a1Da pena!\u00bb, escribi\u00f3 Trump el 18 de abril en Truth Social.<\/p>\n<p>\u200bWashington. &#8211; El presidente de Estados Unidos, Donald Trump, acus\u00f3 este martes al canciller alem\u00e1n, Friedrich Merz, de no apoyar a Washington en la guerra contra Ir\u00e1n y recalc\u00f3 que no es de extra\u00f1ar que a Alemania le vaya \u00abtan mal\u00bb, despu\u00e9s de que el alem\u00e1n criticara la estrategia estadounidense en Oriente Medio.\u00a0 \u00abEl canciller\u00a0\u00a0Internacionales, Alemania, Trump Merz\u00a0\u00a0<\/p>\n","protected":false},"excerpt":{"rendered":"<p>Washington. &#8211; El presidente de Estados Unidos, Donald Trump, acus\u00f3 este martes al canciller alem\u00e1n, Friedrich Merz, de no apoyar a Washington en la guerra contra Ir\u00e1n y recalc\u00f3 que no es de extra\u00f1ar que a Alemania le vaya \u00abtan mal\u00bb, despu\u00e9s de que el alem\u00e1n criticara la estrategia estadounidense en Oriente Medio.\u00a0 \u00abEl canciller [&hellip;]<\/p>\n","protected":false},"author":1,"featured_media":25670,"comment_status":"open","ping_status":"open","sticky":false,"template":"","format":"standard","meta":{"amp_status":"","footnotes":""},"categories":[3],"tags":[],"class_list":["post-25669","post","type-post","status-publish","format-standard","has-post-thumbnail","hentry","category-de-ultimo-minuto"],"_links":{"self":[{"href":"https:\/\/ermdigital.com\/index.php\/wp-json\/wp\/v2\/posts\/25669","targetHints":{"allow":["GET"]}}],"collection":[{"href":"https:\/\/ermdigital.com\/index.php\/wp-json\/wp\/v2\/posts"}],"about":[{"href":"https:\/\/ermdigital.com\/index.php\/wp-json\/wp\/v2\/types\/post"}],"author":[{"embeddable":true,"href":"https:\/\/ermdigital.com\/index.php\/wp-json\/wp\/v2\/users\/1"}],"replies":[{"embeddable":true,"href":"https:\/\/ermdigital.com\/index.php\/wp-json\/wp\/v2\/comments?post=25669"}],"version-history":[{"count":0,"href":"https:\/\/ermdigital.com\/index.php\/wp-json\/wp\/v2\/posts\/25669\/revisions"}],"wp:featuredmedia":[{"embeddable":true,"href":"https:\/\/ermdigital.com\/index.php\/wp-json\/wp\/v2\/media\/25670"}],"wp:attachment":[{"href":"https:\/\/ermdigital.com\/index.php\/wp-json\/wp\/v2\/media?parent=25669"}],"wp:term":[{"taxonomy":"category","embeddable":true,"href":"https:\/\/ermdigital.com\/index.php\/wp-json\/wp\/v2\/categories?post=25669"},{"taxonomy":"post_tag","embeddable":true,"href":"https:\/\/ermdigital.com\/index.php\/wp-json\/wp\/v2\/tags?post=25669"}],"curies":[{"name":"wp","href":"https:\/\/api.w.org\/{rel}","templated":true}]}}