{"id":25667,"date":"2026-04-28T17:04:26","date_gmt":"2026-04-28T21:04:26","guid":{"rendered":"https:\/\/ermdigital.com\/index.php\/2026\/04\/28\/transportistas-dan-ultimatum-al-gobierno-por-deterioro-critico-de-la-carretera-yamasa-santo-domingo\/"},"modified":"2026-04-28T17:04:26","modified_gmt":"2026-04-28T21:04:26","slug":"transportistas-dan-ultimatum-al-gobierno-por-deterioro-critico-de-la-carretera-yamasa-santo-domingo","status":"publish","type":"post","link":"https:\/\/ermdigital.com\/index.php\/2026\/04\/28\/transportistas-dan-ultimatum-al-gobierno-por-deterioro-critico-de-la-carretera-yamasa-santo-domingo\/","title":{"rendered":"Transportistas dan ultim\u00e1tum al Gobierno por deterioro cr\u00edtico de la carretera Yamas\u00e1\u2013Santo Domingo"},"content":{"rendered":"<p><strong>Por: Jonatan Contrerass<\/strong><\/p>\n<p><strong>Monte Plata.<\/strong> \u2013 Organizaciones del transporte de esta provincia exigieron al Gobierno central y al Ministerio de Obras P\u00fablicas y Comunicaciones la intervenci\u00f3n urgente del tramo carretero Yamas\u00e1\u2013Santo Domingo, al denunciar que aproximadamente 29 kil\u00f3metros se encuentran en condiciones deplorables e intransitables.<\/p>\n<p>Durante una rueda de prensa encabezada por Fernando Araujo, presidente de la Asociaci\u00f3n de Transporte de Yamas\u00e1, los representantes del sector dejaron claro que no solicitan soluciones temporales, sino la reconstrucci\u00f3n total de la v\u00eda, con una nueva capa asf\u00e1ltica y su ampliaci\u00f3n, debido al creciente flujo de autobuses, carros, camiones y patanas.<\/p>\n<p>Los transportistas tambi\u00e9n cuestionaron la instalaci\u00f3n de barandas met\u00e1licas en algunos tramos, calificando la carretera como \u201cel pasillo de la muerte\u201d, al considerar que estas estructuras reducen el margen de maniobra y elevan el riesgo de accidentes.<\/p>\n<p>\u201cCuando un chofer enfrenta cualquier situaci\u00f3n, no tiene margen de reacci\u00f3n. Solo le queda encomendarse a Dios\u201d, expres\u00f3 Araujo.<\/p>\n<p>De su lado, Santo Porfirio Lima Bueno, presidente de la Uni\u00f3n de Camioneros y Equipos Pesados de Yamas\u00e1, record\u00f3 que esta v\u00eda figura entre las m\u00e1s importantes del sistema vial nacional, por lo que calific\u00f3 como inaceptable el estado de abandono en que se encuentra.<\/p>\n<h4 class=\"wp-block-heading\"><strong>Recomendamos leer: <a href=\"https:\/\/deultimominuto.net\/enlaces\/\" data-type=\"page\" data-id=\"491852\">TRAE refuerza transporte escolar en la regi\u00f3n Sur con 70 nuevos nombramientos<\/a><\/strong><a href=\"https:\/\/deultimominuto.net\/category\/nacionales\/\"><\/a><\/h4>\n<p>Indic\u00f3 que diariamente circula un alto volumen de veh\u00edculos pesados, transporte p\u00fablico y unidades privadas, lo que hace imprescindible su ampliaci\u00f3n para garantizar la seguridad vial.<\/p>\n<p>Asimismo, denunci\u00f3 que, aunque propietarios de terrenos han cedido espacios para facilitar la expansi\u00f3n de la carretera, la colocaci\u00f3n de barandas en los l\u00edmites actuales impide aprovechar dichas \u00e1reas.<\/p>\n<p>Los representantes del transporte afirmaron que durante a\u00f1os han realizado m\u00faltiples solicitudes sin obtener respuestas concretas de las autoridades.<\/p>\n<p>En ese sentido, advirtieron que otorgar\u00e1n un plazo de entre 15 y 20 d\u00edas al Ministerio de Obras P\u00fablicas y Comunicaciones para ofrecer una soluci\u00f3n; de lo contrario, no descartan paralizar el transporte en la provincia como medida de presi\u00f3n.<\/p>\n<p>No obstante, aseguraron que cualquier jornada de protesta ser\u00e1 anunciada con anticipaci\u00f3n, a fin de no afectar a los ciudadanos que dependen diariamente de esta v\u00eda para trasladarse a Santo Domingo por motivos laborales y personales.<\/p>\n<p>En la actividad tambi\u00e9n estuvo presente el diputado Rom\u00e1n de Jes\u00fas, quien respald\u00f3 el reclamo y sostuvo que la carretera fue dise\u00f1ada para un volumen vehicular muy inferior al que actualmente soporta.<\/p>\n<p>Las organizaciones reiteraron que la intervenci\u00f3n y ampliaci\u00f3n de esta carretera es una necesidad urgente para preservar vidas, proteger veh\u00edculos y mejorar la movilidad en toda la provincia.<\/p>\n<p>\u200bPor: Jonatan Contrerass Monte Plata. \u2013 Organizaciones del transporte de esta provincia exigieron al Gobierno central y al Ministerio de Obras P\u00fablicas y Comunicaciones la intervenci\u00f3n urgente del tramo carretero Yamas\u00e1\u2013Santo Domingo, al denunciar que aproximadamente 29 kil\u00f3metros se encuentran en condiciones deplorables e intransitables. Durante una rueda de prensa encabezada por Fernando Araujo, presidente\u00a0\u00a0Nacionales, Gobierno, Santo Domingo, transportistas, Yamas\u00e1\u00a0\u00a0<\/p>\n","protected":false},"excerpt":{"rendered":"<p>Por: Jonatan Contrerass Monte Plata. \u2013 Organizaciones del transporte de esta provincia exigieron al Gobierno central y al Ministerio de Obras P\u00fablicas y Comunicaciones la intervenci\u00f3n urgente del tramo carretero Yamas\u00e1\u2013Santo Domingo, al denunciar que aproximadamente 29 kil\u00f3metros se encuentran en condiciones deplorables e intransitables. Durante una rueda de prensa encabezada por Fernando Araujo, presidente [&hellip;]<\/p>\n","protected":false},"author":1,"featured_media":25668,"comment_status":"open","ping_status":"open","sticky":false,"template":"","format":"standard","meta":{"amp_status":"","footnotes":""},"categories":[3],"tags":[],"class_list":["post-25667","post","type-post","status-publish","format-standard","has-post-thumbnail","hentry","category-de-ultimo-minuto"],"_links":{"self":[{"href":"https:\/\/ermdigital.com\/index.php\/wp-json\/wp\/v2\/posts\/25667","targetHints":{"allow":["GET"]}}],"collection":[{"href":"https:\/\/ermdigital.com\/index.php\/wp-json\/wp\/v2\/posts"}],"about":[{"href":"https:\/\/ermdigital.com\/index.php\/wp-json\/wp\/v2\/types\/post"}],"author":[{"embeddable":true,"href":"https:\/\/ermdigital.com\/index.php\/wp-json\/wp\/v2\/users\/1"}],"replies":[{"embeddable":true,"href":"https:\/\/ermdigital.com\/index.php\/wp-json\/wp\/v2\/comments?post=25667"}],"version-history":[{"count":0,"href":"https:\/\/ermdigital.com\/index.php\/wp-json\/wp\/v2\/posts\/25667\/revisions"}],"wp:featuredmedia":[{"embeddable":true,"href":"https:\/\/ermdigital.com\/index.php\/wp-json\/wp\/v2\/media\/25668"}],"wp:attachment":[{"href":"https:\/\/ermdigital.com\/index.php\/wp-json\/wp\/v2\/media?parent=25667"}],"wp:term":[{"taxonomy":"category","embeddable":true,"href":"https:\/\/ermdigital.com\/index.php\/wp-json\/wp\/v2\/categories?post=25667"},{"taxonomy":"post_tag","embeddable":true,"href":"https:\/\/ermdigital.com\/index.php\/wp-json\/wp\/v2\/tags?post=25667"}],"curies":[{"name":"wp","href":"https:\/\/api.w.org\/{rel}","templated":true}]}}