{"id":25665,"date":"2026-04-28T17:09:48","date_gmt":"2026-04-28T21:09:48","guid":{"rendered":"https:\/\/ermdigital.com\/index.php\/2026\/04\/28\/distrito-municipal-el-limon-evalua-danos-tras-intensas-lluvias\/"},"modified":"2026-04-28T17:09:48","modified_gmt":"2026-04-28T21:09:48","slug":"distrito-municipal-el-limon-evalua-danos-tras-intensas-lluvias","status":"publish","type":"post","link":"https:\/\/ermdigital.com\/index.php\/2026\/04\/28\/distrito-municipal-el-limon-evalua-danos-tras-intensas-lluvias\/","title":{"rendered":"Distrito Municipal El Lim\u00f3n eval\u00faa da\u00f1os tras intensas lluvias"},"content":{"rendered":"<p><strong>El Lim\u00f3n, Saman\u00e1.<\/strong> Desde tempranas horas de este d\u00eda, el alcalde, Ing. Fernando Mercado, junto a la vicealcaldesa Darin Encarnaci\u00f3n, la regidora Mariel Anibelka y parte del equipo del Ayuntamiento, realizaron un amplio recorrido por las zonas afectadas tras las fuertes lluvias registradas la noche de ayer, las cuales provocaron inundaciones, deterioro de caminos vecinales y afectaciones en varias viviendas de la comunidad.<\/p>\n<p>Durante el levantamiento, las autoridades evaluaron de manera directa los da\u00f1os ocasionados, escucharon las inquietudes de los comunitarios y coordinaron acciones inmediatas para ofrecer respuestas oportunas a cada situaci\u00f3n presentada, priorizando los casos de mayor vulnerabilidad.<\/p>\n<p>Asimismo, se inform\u00f3 que brigadas del cabildo, en conjunto con personal t\u00e9cnico, trabajan de manera intensiva en el restablecimiento del servicio de agua potable, atendiendo las aver\u00edas provocadas por las condiciones clim\u00e1ticas.<\/p>\n<h4 class=\"wp-block-heading\"><strong>Recomendamos leer: <a href=\"https:\/\/deultimominuto.net\/enlaces\/\" data-type=\"page\" data-id=\"491852\">TRAE refuerza transporte escolar en la regi\u00f3n Sur con 70 nuevos nombramientos<\/a><\/strong><a href=\"https:\/\/deultimominuto.net\/category\/nacionales\/\"><\/a><\/h4>\n<p>Estas labores incluyen la reparaci\u00f3n de tuber\u00edas afectadas, limpieza de sistemas y verificaci\u00f3n de las fuentes de abastecimiento, con el objetivo de garantizar que las familias puedan contar nuevamente con este servicio esencial en el menor tiempo posible.<\/p>\n<p>De igual forma, se contempla la intervenci\u00f3n de v\u00edas afectadas, drenaje de zonas anegadas y la canalizaci\u00f3n de ayudas para las familias que resultaron impactadas por este fen\u00f3meno atmosf\u00e9rico.<\/p>\n<p>La actual gesti\u00f3n municipal reafirma su compromiso de mantenerse cercana a la gente, actuando con responsabilidad, rapidez y eficiencia ante cualquier dificultad que afecte a la comunidad. En tanto, las familias afectadas esperan la mano solidaria de sus autoridades y la pronta ejecuci\u00f3n de soluciones que les permitan recuperar la normalidad en sus hogares.<\/p>\n<p>\u200bEl Lim\u00f3n, Saman\u00e1. Desde tempranas horas de este d\u00eda, el alcalde, Ing. Fernando Mercado, junto a la vicealcaldesa Darin Encarnaci\u00f3n, la regidora Mariel Anibelka y parte del equipo del Ayuntamiento, realizaron un amplio recorrido por las zonas afectadas tras las fuertes lluvias registradas la noche de ayer, las cuales provocaron inundaciones, deterioro de caminos vecinales\u00a0\u00a0Nacionales, El Lim\u00f3n, lluvias\u00a0\u00a0<\/p>\n","protected":false},"excerpt":{"rendered":"<p>El Lim\u00f3n, Saman\u00e1. Desde tempranas horas de este d\u00eda, el alcalde, Ing. Fernando Mercado, junto a la vicealcaldesa Darin Encarnaci\u00f3n, la regidora Mariel Anibelka y parte del equipo del Ayuntamiento, realizaron un amplio recorrido por las zonas afectadas tras las fuertes lluvias registradas la noche de ayer, las cuales provocaron inundaciones, deterioro de caminos vecinales [&hellip;]<\/p>\n","protected":false},"author":1,"featured_media":25666,"comment_status":"open","ping_status":"open","sticky":false,"template":"","format":"standard","meta":{"amp_status":"","footnotes":""},"categories":[3],"tags":[],"class_list":["post-25665","post","type-post","status-publish","format-standard","has-post-thumbnail","hentry","category-de-ultimo-minuto"],"_links":{"self":[{"href":"https:\/\/ermdigital.com\/index.php\/wp-json\/wp\/v2\/posts\/25665","targetHints":{"allow":["GET"]}}],"collection":[{"href":"https:\/\/ermdigital.com\/index.php\/wp-json\/wp\/v2\/posts"}],"about":[{"href":"https:\/\/ermdigital.com\/index.php\/wp-json\/wp\/v2\/types\/post"}],"author":[{"embeddable":true,"href":"https:\/\/ermdigital.com\/index.php\/wp-json\/wp\/v2\/users\/1"}],"replies":[{"embeddable":true,"href":"https:\/\/ermdigital.com\/index.php\/wp-json\/wp\/v2\/comments?post=25665"}],"version-history":[{"count":0,"href":"https:\/\/ermdigital.com\/index.php\/wp-json\/wp\/v2\/posts\/25665\/revisions"}],"wp:featuredmedia":[{"embeddable":true,"href":"https:\/\/ermdigital.com\/index.php\/wp-json\/wp\/v2\/media\/25666"}],"wp:attachment":[{"href":"https:\/\/ermdigital.com\/index.php\/wp-json\/wp\/v2\/media?parent=25665"}],"wp:term":[{"taxonomy":"category","embeddable":true,"href":"https:\/\/ermdigital.com\/index.php\/wp-json\/wp\/v2\/categories?post=25665"},{"taxonomy":"post_tag","embeddable":true,"href":"https:\/\/ermdigital.com\/index.php\/wp-json\/wp\/v2\/tags?post=25665"}],"curies":[{"name":"wp","href":"https:\/\/api.w.org\/{rel}","templated":true}]}}