{"id":25657,"date":"2026-04-28T16:58:33","date_gmt":"2026-04-28T20:58:33","guid":{"rendered":"https:\/\/ermdigital.com\/index.php\/2026\/04\/28\/conferencia-del-episcopado-pide-preservar-las-cordilleras-central-septentrional-y-el-agua\/"},"modified":"2026-04-28T16:58:33","modified_gmt":"2026-04-28T20:58:33","slug":"conferencia-del-episcopado-pide-preservar-las-cordilleras-central-septentrional-y-el-agua","status":"publish","type":"post","link":"https:\/\/ermdigital.com\/index.php\/2026\/04\/28\/conferencia-del-episcopado-pide-preservar-las-cordilleras-central-septentrional-y-el-agua\/","title":{"rendered":"Conferencia del Episcopado pide preservar las cordilleras Central, Septentrional y el agua\u00a0"},"content":{"rendered":"<p>&lt;![CDATA[<\/p>\n<p>La Comisi\u00f3n Nacional de Pastoral de Ecolog\u00eda y Medio Ambiente de la<b> Conferencia del Episcopado Dominicano (CED)<\/b> manifest\u00f3 su apoyo a las comunidades que se mantienen en defensa de la preservaci\u00f3n de las <b>cordilleras Central y Septentrional<\/b>.<\/p>\n<p><a href=\"https:\/\/listindiario.com\/la-republica\/20260428\/conferencia-episcopado-pide-preservar-cordilleras-central-septentrional-agua_903610.html\">wf_cms.rss.read_more<\/a><\/p>\n<p>]]&gt;<\/p>\n<p>\u200bA trav\u00e9s de un comunicado, la comisi\u00f3n se uni\u00f3 a la demanda de que estos territorios sean resguardados de actividades mineras que atentan contra su integridad ecol\u00f3gica.\u00a0\u00a0La Rep\u00fablica\u00a0<\/p>\n","protected":false},"excerpt":{"rendered":"<p>&lt;![CDATA[ La Comisi\u00f3n Nacional de Pastoral de Ecolog\u00eda y Medio Ambiente de la Conferencia del Episcopado Dominicano (CED) manifest\u00f3 su apoyo a las comunidades que se mantienen en defensa de la preservaci\u00f3n de las cordilleras Central y Septentrional. wf_cms.rss.read_more ]]&gt; \u200bA trav\u00e9s de un comunicado, la comisi\u00f3n se uni\u00f3 a la demanda de que estos [&hellip;]<\/p>\n","protected":false},"author":1,"featured_media":25658,"comment_status":"open","ping_status":"open","sticky":false,"template":"","format":"standard","meta":{"amp_status":"","footnotes":""},"categories":[5],"tags":[],"class_list":["post-25657","post","type-post","status-publish","format-standard","has-post-thumbnail","hentry","category-politica"],"_links":{"self":[{"href":"https:\/\/ermdigital.com\/index.php\/wp-json\/wp\/v2\/posts\/25657","targetHints":{"allow":["GET"]}}],"collection":[{"href":"https:\/\/ermdigital.com\/index.php\/wp-json\/wp\/v2\/posts"}],"about":[{"href":"https:\/\/ermdigital.com\/index.php\/wp-json\/wp\/v2\/types\/post"}],"author":[{"embeddable":true,"href":"https:\/\/ermdigital.com\/index.php\/wp-json\/wp\/v2\/users\/1"}],"replies":[{"embeddable":true,"href":"https:\/\/ermdigital.com\/index.php\/wp-json\/wp\/v2\/comments?post=25657"}],"version-history":[{"count":0,"href":"https:\/\/ermdigital.com\/index.php\/wp-json\/wp\/v2\/posts\/25657\/revisions"}],"wp:featuredmedia":[{"embeddable":true,"href":"https:\/\/ermdigital.com\/index.php\/wp-json\/wp\/v2\/media\/25658"}],"wp:attachment":[{"href":"https:\/\/ermdigital.com\/index.php\/wp-json\/wp\/v2\/media?parent=25657"}],"wp:term":[{"taxonomy":"category","embeddable":true,"href":"https:\/\/ermdigital.com\/index.php\/wp-json\/wp\/v2\/categories?post=25657"},{"taxonomy":"post_tag","embeddable":true,"href":"https:\/\/ermdigital.com\/index.php\/wp-json\/wp\/v2\/tags?post=25657"}],"curies":[{"name":"wp","href":"https:\/\/api.w.org\/{rel}","templated":true}]}}