{"id":25655,"date":"2026-04-28T17:17:18","date_gmt":"2026-04-28T21:17:18","guid":{"rendered":"https:\/\/ermdigital.com\/index.php\/2026\/04\/28\/diputada-se-querella-contra-panelista-de-esto-no-es-radio-por-difamacion\/"},"modified":"2026-04-28T17:17:18","modified_gmt":"2026-04-28T21:17:18","slug":"diputada-se-querella-contra-panelista-de-esto-no-es-radio-por-difamacion","status":"publish","type":"post","link":"https:\/\/ermdigital.com\/index.php\/2026\/04\/28\/diputada-se-querella-contra-panelista-de-esto-no-es-radio-por-difamacion\/","title":{"rendered":"Diputada se querella contra panelista de \"Esto no es Radio\" por difamaci\u00f3n\u00a0"},"content":{"rendered":"<p>&lt;![CDATA[<\/p>\n<p>La Fiscal\u00eda del Distrito Nacional fue apoderada de una querella contra <b>Eduardo Alberto Saint-Hilaire<\/b> <b>Ram\u00edrez<\/b>, panelista de <b>\u201cEsto no es Radio\u201d<\/b>, acusado de difamaci\u00f3n y de violar la<b> Ley 53-07<\/b> sobre cr\u00edmenes y delitos de alta tecnolog\u00eda.<\/p>\n<p><a href=\"https:\/\/listindiario.com\/la-republica\/justicia\/20260428\/interponen-querella-panelista-esto-radio-alofoke-media-group-difamacion_903620.html\">wf_cms.rss.read_more<\/a><\/p>\n<p>]]&gt;<\/p>\n<p>\u200bEn la querella con constituci\u00f3n en actor civil reclaman el pago de una indemnizaci\u00f3n de 100 millones de pesos por los da\u00f1os y perjuicios ocasionados.\u00a0\u00a0Justicia\u00a0<\/p>\n","protected":false},"excerpt":{"rendered":"<p>&lt;![CDATA[ La Fiscal\u00eda del Distrito Nacional fue apoderada de una querella contra Eduardo Alberto Saint-Hilaire Ram\u00edrez, panelista de \u201cEsto no es Radio\u201d, acusado de difamaci\u00f3n y de violar la Ley 53-07 sobre cr\u00edmenes y delitos de alta tecnolog\u00eda. wf_cms.rss.read_more ]]&gt; \u200bEn la querella con constituci\u00f3n en actor civil reclaman el pago de una indemnizaci\u00f3n de [&hellip;]<\/p>\n","protected":false},"author":1,"featured_media":25656,"comment_status":"open","ping_status":"open","sticky":false,"template":"","format":"standard","meta":{"amp_status":"","footnotes":""},"categories":[5],"tags":[],"class_list":["post-25655","post","type-post","status-publish","format-standard","has-post-thumbnail","hentry","category-politica"],"_links":{"self":[{"href":"https:\/\/ermdigital.com\/index.php\/wp-json\/wp\/v2\/posts\/25655","targetHints":{"allow":["GET"]}}],"collection":[{"href":"https:\/\/ermdigital.com\/index.php\/wp-json\/wp\/v2\/posts"}],"about":[{"href":"https:\/\/ermdigital.com\/index.php\/wp-json\/wp\/v2\/types\/post"}],"author":[{"embeddable":true,"href":"https:\/\/ermdigital.com\/index.php\/wp-json\/wp\/v2\/users\/1"}],"replies":[{"embeddable":true,"href":"https:\/\/ermdigital.com\/index.php\/wp-json\/wp\/v2\/comments?post=25655"}],"version-history":[{"count":0,"href":"https:\/\/ermdigital.com\/index.php\/wp-json\/wp\/v2\/posts\/25655\/revisions"}],"wp:featuredmedia":[{"embeddable":true,"href":"https:\/\/ermdigital.com\/index.php\/wp-json\/wp\/v2\/media\/25656"}],"wp:attachment":[{"href":"https:\/\/ermdigital.com\/index.php\/wp-json\/wp\/v2\/media?parent=25655"}],"wp:term":[{"taxonomy":"category","embeddable":true,"href":"https:\/\/ermdigital.com\/index.php\/wp-json\/wp\/v2\/categories?post=25655"},{"taxonomy":"post_tag","embeddable":true,"href":"https:\/\/ermdigital.com\/index.php\/wp-json\/wp\/v2\/tags?post=25655"}],"curies":[{"name":"wp","href":"https:\/\/api.w.org\/{rel}","templated":true}]}}