{"id":25653,"date":"2026-04-28T15:22:30","date_gmt":"2026-04-28T19:22:30","guid":{"rendered":"https:\/\/ermdigital.com\/index.php\/2026\/04\/28\/imagen-de-trump-aparecera-en-una-edicion-limitada-de-pasaportes-por-los-250-anos-de-ee-uu\/"},"modified":"2026-04-28T15:22:30","modified_gmt":"2026-04-28T19:22:30","slug":"imagen-de-trump-aparecera-en-una-edicion-limitada-de-pasaportes-por-los-250-anos-de-ee-uu","status":"publish","type":"post","link":"https:\/\/ermdigital.com\/index.php\/2026\/04\/28\/imagen-de-trump-aparecera-en-una-edicion-limitada-de-pasaportes-por-los-250-anos-de-ee-uu\/","title":{"rendered":"Imagen de Trump aparecer\u00e1 en una edici\u00f3n limitada de pasaportes por los 250 a\u00f1os de EE.UU."},"content":{"rendered":"<p><strong>Washington.-<\/strong> El <strong>Departamento de Estado de EE.UU. <\/strong>prepara nuevos dise\u00f1os de pasaportes para conmemorar el<strong> 250 aniversario de la independencia del pa\u00eds<\/strong>, con una edici\u00f3n limitada que incluir\u00e1 la imagen del presidente,<strong> Donald Trump<\/strong>, inform\u00f3 la cadena Fox este martes.<\/p>\n<p>Seg\u00fan maquetas obtenidas por el medio, el rostro de Trump aparece enmarcado por la Declaraci\u00f3n de Independencia y la bandera estadounidense en la portada interior del pasaporte, junto con su firma en color dorado, mientras otra p\u00e1gina muestra a los Padres Fundadores firmando la declaraci\u00f3n.<\/p>\n<h2 class=\"wp-block-heading\">El lanzamiento est\u00e1 previsto para este verano como parte de la campa\u00f1a para celebrar el 250 aniversario de la independencia del pa\u00eds norteamericano.<\/h2>\n<p>Los pasaportes estar\u00e1n disponibles en la Agencia de Pasaportes de Washington para cualquier ciudadano estadounidense que solicite un nuevo pasaporte, sujeto a disponibilidad, seg\u00fan la nota de Fox News.<\/p>\n<p>\"El Departamento de Estado se prepara para lanzar un n\u00famero limitado de pasaportes estadounidenses con un dise\u00f1o especial para conmemorar esta ocasi\u00f3n hist\u00f3rica\", dijo a Fox el portavoz del Departamento de Estado, Tommy Pigott.<\/p>\n<p>La<strong> contraportada de estos pasaportes llevar\u00e1 una bandera de Estados Unidos <\/strong>con el n\u00famero 20 centrado entre las 13 estrellas que figuraban en la versi\u00f3n de 1777, y aunque incorporan nuevas ilustraciones, los documentos mantendr\u00e1n \"las mismas caracter\u00edsticas de seguridad\", seg\u00fan asegur\u00f3 la fuente.<\/p>\n<p><strong>Te puede interesar: <\/strong><a href=\"https:\/\/deultimominuto.net\/internacionales\/piloto-demanda-florida-aeropuerto\/\" data-type=\"link\" data-id=\"https:\/\/deultimominuto.net\/internacionales\/piloto-demanda-florida-aeropuerto\/\">Piloto demanda a Florida por rebautizar en honor a Trump el aeropuerto de Palm Beach<\/a><\/p>\n<p>En la misma l\u00ednea, el <strong>Departamento del Tesoro<\/strong> inform\u00f3 el pasado marzo que la firma del presidente tambi\u00e9n se incluir\u00e1 en futuros billetes de d\u00f3lar, la primera vez que la marca de un presidente en ejercicio aparece en ellos.<\/p>\n<p>De acuerdo con el Tesoro, la medida busca reconocer los \"logros econ\u00f3micos\" del mandatario y los billetes con su firma ser\u00e1n puestos en circulaci\u00f3n antes del 4 de julio.<\/p>\n<p>El 19 de marzo, un comit\u00e9 federal de arte aprob\u00f3 un dise\u00f1o de una moneda con la figura del presidente apoyando sus pu\u00f1os sobre un escritorio, basada en una fotograf\u00eda tomada por su equipo en 2025 y que se exhibe en la Galer\u00eda Nacional de Retratos de Washington.<\/p>\n<p>Pero la imagen de Trump no solo se extiende a billetes y pasaportes, sino que ahora llega a muchos rincones de Washington, donde enormes fotograf\u00edas del presidente cubren las fachadas de varios edificios en la capital.<\/p>\n<p>\u200bWashington.- El Departamento de Estado de EE.UU. prepara nuevos dise\u00f1os de pasaportes para conmemorar el 250 aniversario de la independencia del pa\u00eds, con una edici\u00f3n limitada que incluir\u00e1 la imagen del presidente, Donald Trump, inform\u00f3 la cadena Fox este martes. Seg\u00fan maquetas obtenidas por el medio, el rostro de Trump aparece enmarcado por la Declaraci\u00f3n\u00a0\u00a0Internacionales, Donald Trump, Estados Unidos, pasaportes\u00a0\u00a0<\/p>\n","protected":false},"excerpt":{"rendered":"<p>Washington.- El Departamento de Estado de EE.UU. prepara nuevos dise\u00f1os de pasaportes para conmemorar el 250 aniversario de la independencia del pa\u00eds, con una edici\u00f3n limitada que incluir\u00e1 la imagen del presidente, Donald Trump, inform\u00f3 la cadena Fox este martes. Seg\u00fan maquetas obtenidas por el medio, el rostro de Trump aparece enmarcado por la Declaraci\u00f3n [&hellip;]<\/p>\n","protected":false},"author":1,"featured_media":25654,"comment_status":"open","ping_status":"open","sticky":false,"template":"","format":"standard","meta":{"amp_status":"","footnotes":""},"categories":[3],"tags":[],"class_list":["post-25653","post","type-post","status-publish","format-standard","has-post-thumbnail","hentry","category-de-ultimo-minuto"],"_links":{"self":[{"href":"https:\/\/ermdigital.com\/index.php\/wp-json\/wp\/v2\/posts\/25653","targetHints":{"allow":["GET"]}}],"collection":[{"href":"https:\/\/ermdigital.com\/index.php\/wp-json\/wp\/v2\/posts"}],"about":[{"href":"https:\/\/ermdigital.com\/index.php\/wp-json\/wp\/v2\/types\/post"}],"author":[{"embeddable":true,"href":"https:\/\/ermdigital.com\/index.php\/wp-json\/wp\/v2\/users\/1"}],"replies":[{"embeddable":true,"href":"https:\/\/ermdigital.com\/index.php\/wp-json\/wp\/v2\/comments?post=25653"}],"version-history":[{"count":0,"href":"https:\/\/ermdigital.com\/index.php\/wp-json\/wp\/v2\/posts\/25653\/revisions"}],"wp:featuredmedia":[{"embeddable":true,"href":"https:\/\/ermdigital.com\/index.php\/wp-json\/wp\/v2\/media\/25654"}],"wp:attachment":[{"href":"https:\/\/ermdigital.com\/index.php\/wp-json\/wp\/v2\/media?parent=25653"}],"wp:term":[{"taxonomy":"category","embeddable":true,"href":"https:\/\/ermdigital.com\/index.php\/wp-json\/wp\/v2\/categories?post=25653"},{"taxonomy":"post_tag","embeddable":true,"href":"https:\/\/ermdigital.com\/index.php\/wp-json\/wp\/v2\/tags?post=25653"}],"curies":[{"name":"wp","href":"https:\/\/api.w.org\/{rel}","templated":true}]}}