{"id":25651,"date":"2026-04-28T15:29:19","date_gmt":"2026-04-28T19:29:19","guid":{"rendered":"https:\/\/ermdigital.com\/index.php\/2026\/04\/28\/emiratos-arabes-unidos-anuncia-su-retirada-de-la-opep-por-la-crisis-del-estrecho-de-ormuz\/"},"modified":"2026-04-28T15:29:19","modified_gmt":"2026-04-28T19:29:19","slug":"emiratos-arabes-unidos-anuncia-su-retirada-de-la-opep-por-la-crisis-del-estrecho-de-ormuz","status":"publish","type":"post","link":"https:\/\/ermdigital.com\/index.php\/2026\/04\/28\/emiratos-arabes-unidos-anuncia-su-retirada-de-la-opep-por-la-crisis-del-estrecho-de-ormuz\/","title":{"rendered":"Emiratos \u00c1rabes Unidos anuncia su retirada de la OPEP por la crisis del estrecho de Ormuz"},"content":{"rendered":"<p><strong>Dub\u00e1i.-<\/strong> Emiratos \u00c1rabes Unidos (EAU) anunci\u00f3 este martes su retirada de la <strong>Organizaci\u00f3n de Pa\u00edses Exportadores de Petr\u00f3leo (OPEP<\/strong>) y la alianza<a href=\"https:\/\/www.opec.org\/\" data-type=\"link\" data-id=\"https:\/\/www.opec.org\/\" target=\"_blank\" rel=\"noopener\"> OPEP+<\/a> por las<strong> \"perturbaciones en el golfo P\u00e9rsico y el estrecho de Ormuz\"<\/strong> a partir del pr\u00f3ximo 1 de mayo de 2026, inform\u00f3 la agencia de noticias oficial emirat\u00ed WAM.<\/p>\n<p>La agencia se\u00f1al\u00f3 que esta decisi\u00f3n es impulsada \"por los intereses nacionales y el compromiso del pa\u00eds de contribuir activamente a satisfacer las necesidades urgentes del mercado, especialmente dada la actual volatilidad geopol\u00edtica a corto plazo derivada de las perturbaciones en el golfo P\u00e9rsico y el estrecho de Ormuz, que afectan a la din\u00e1mica de la oferta\".<\/p>\n<p>Asimismo, se\u00f1al\u00f3 que \"las tendencias fundamentales indican un crecimiento continuo de la demanda mundial de energ\u00eda a medio y largo plazo\", y defendi\u00f3 que \"la<strong> estabilidad del sistema energ\u00e9tico mundial<\/strong> depende de la disponibilidad de suministros flexibles, fiables y asequibles\".<\/p>\n<p>La retirada de los Emiratos llega en un momento en que la producci\u00f3n de OPEP se redujo en marzo casi 8 millones de barriles diarios (mbd), un 27,5 % menos de lo bombeado en febrero, debido a la guerra de Ir\u00e1n y al bloqueo del estrecho de Ormuz, que afect\u00f3 sobre todo a Irak y a los pa\u00edses del golfo P\u00e9rsico.<\/p>\n<h2 class=\"wp-block-heading\">El <strong>ministro de Energ\u00eda e Infraestructura del pa\u00eds, Suhail bin Mohamed Al Mazrouei<\/strong>, defendi\u00f3 que la retirada de la OPEP \"refleja una evoluci\u00f3n pol\u00edtica alineada con los fundamentos del mercado a largo plazo\".<\/h2>\n<p>Emiratos se uni\u00f3 a la OPEP en 1967 a trav\u00e9s del Emirato de Abu Dabi y mantuvo su membres\u00eda tras la creaci\u00f3n del pa\u00eds en 1971, y \"durante todo este periodo, el pa\u00eds ha desempe\u00f1ado un papel activo en el apoyo a la estabilidad del mercado petrolero mundial y en el fomento del di\u00e1logo entre los pa\u00edses productores\", a\u00f1adi\u00f3 WAM.<\/p>\n<p><strong>Te puede interesar: <\/strong><a href=\"https:\/\/deultimominuto.net\/economia\/el-petroleo-de-texas-100-dolares\/\" data-type=\"link\" data-id=\"https:\/\/deultimominuto.net\/economia\/el-petroleo-de-texas-100-dolares\/\">El petr\u00f3leo de Texas roza los 100 d\u00f3lares tras rechazo de EEUU al plan de Ir\u00e1n para Ormuz<\/a><\/p>\n<p>Destac\u00f3 que EAU \"es un productor fiable de algunos de los petr\u00f3leos m\u00e1s competitivos en precio y con menor intensidad de carbono del mundo, contribuyendo al crecimiento global y a la reducci\u00f3n de emisiones\".<\/p>\n<p>No obstante, defendi\u00f3 que, \"tras su salida de la OPEP, EAU continuar\u00e1 desempe\u00f1ando su papel responsable aumentando la producci\u00f3n de forma gradual y prudente\", y seguir\u00e1 \"colaborando con sus socios para desarrollar recursos\".<\/p>\n<p>Destac\u00f3 que \"esta decisi\u00f3n no altera el compromiso de EAU con la estabilidad del mercado global ni su enfoque basado en la cooperaci\u00f3n con productores y consumidores\", justific\u00f3.<\/p>\n<p>Emiratos, asimismo, expres\u00f3 \"su agradecimiento\" por los esfuerzos tanto de la OPEP como de la alianza OPEP+, liderada por Arabia Saud\u00ed y Rusia, pero subray\u00f3 que \"ha llegado el momento de centrar los esfuerzos en los intereses nacionales de EAU\".<\/p>\n<blockquote class=\"wp-block-quote is-layout-flow wp-block-quote-is-layout-flow\">\n<p>\"EAU continuar\u00e1 invirtiendo en toda la cadena de valor energ\u00e9tica, incluyendo petr\u00f3leo y gas, energ\u00edas renovables y soluciones bajas en carbono, para fortalecer la resiliencia y la transformaci\u00f3n a largo plazo de su sistema energ\u00e9tico\", concluy\u00f3.<\/p>\n<\/blockquote>\n<p>La decisi\u00f3n de Emiratos tiene lugar en un momento de tensi\u00f3n con sus vecinos \u00e1rabes del golfo P\u00e9rsico, a los que ha acusado de no coordinar posturas contra los ataques de Ir\u00e1n contra la infraestructura energ\u00e9tica de esta regi\u00f3n rica en petr\u00f3leo.<\/p>\n<p>Asimismo, se produce ante las cr\u00edticas del presidente estadounidense, Donald Trump, a la OPEP, organizaci\u00f3n a la que ha acusado de inflar los precios del petr\u00f3leo.<\/p>\n<p>\u200bDub\u00e1i.- Emiratos \u00c1rabes Unidos (EAU) anunci\u00f3 este martes su retirada de la Organizaci\u00f3n de Pa\u00edses Exportadores de Petr\u00f3leo (OPEP) y la alianza OPEP+ por las \"perturbaciones en el golfo P\u00e9rsico y el estrecho de Ormuz\" a partir del pr\u00f3ximo 1 de mayo de 2026, inform\u00f3 la agencia de noticias oficial emirat\u00ed WAM. La agencia se\u00f1al\u00f3\u00a0\u00a0Econom\u00eda, Emiratos \u00c1rabes, OPEP\u00a0\u00a0<\/p>\n","protected":false},"excerpt":{"rendered":"<p>Dub\u00e1i.- Emiratos \u00c1rabes Unidos (EAU) anunci\u00f3 este martes su retirada de la Organizaci\u00f3n de Pa\u00edses Exportadores de Petr\u00f3leo (OPEP) y la alianza OPEP+ por las \"perturbaciones en el golfo P\u00e9rsico y el estrecho de Ormuz\" a partir del pr\u00f3ximo 1 de mayo de 2026, inform\u00f3 la agencia de noticias oficial emirat\u00ed WAM. La agencia se\u00f1al\u00f3 [&hellip;]<\/p>\n","protected":false},"author":1,"featured_media":25652,"comment_status":"open","ping_status":"open","sticky":false,"template":"","format":"standard","meta":{"amp_status":"","footnotes":""},"categories":[3],"tags":[],"class_list":["post-25651","post","type-post","status-publish","format-standard","has-post-thumbnail","hentry","category-de-ultimo-minuto"],"_links":{"self":[{"href":"https:\/\/ermdigital.com\/index.php\/wp-json\/wp\/v2\/posts\/25651","targetHints":{"allow":["GET"]}}],"collection":[{"href":"https:\/\/ermdigital.com\/index.php\/wp-json\/wp\/v2\/posts"}],"about":[{"href":"https:\/\/ermdigital.com\/index.php\/wp-json\/wp\/v2\/types\/post"}],"author":[{"embeddable":true,"href":"https:\/\/ermdigital.com\/index.php\/wp-json\/wp\/v2\/users\/1"}],"replies":[{"embeddable":true,"href":"https:\/\/ermdigital.com\/index.php\/wp-json\/wp\/v2\/comments?post=25651"}],"version-history":[{"count":0,"href":"https:\/\/ermdigital.com\/index.php\/wp-json\/wp\/v2\/posts\/25651\/revisions"}],"wp:featuredmedia":[{"embeddable":true,"href":"https:\/\/ermdigital.com\/index.php\/wp-json\/wp\/v2\/media\/25652"}],"wp:attachment":[{"href":"https:\/\/ermdigital.com\/index.php\/wp-json\/wp\/v2\/media?parent=25651"}],"wp:term":[{"taxonomy":"category","embeddable":true,"href":"https:\/\/ermdigital.com\/index.php\/wp-json\/wp\/v2\/categories?post=25651"},{"taxonomy":"post_tag","embeddable":true,"href":"https:\/\/ermdigital.com\/index.php\/wp-json\/wp\/v2\/tags?post=25651"}],"curies":[{"name":"wp","href":"https:\/\/api.w.org\/{rel}","templated":true}]}}