{"id":25645,"date":"2026-04-28T15:40:42","date_gmt":"2026-04-28T19:40:42","guid":{"rendered":"https:\/\/ermdigital.com\/index.php\/2026\/04\/28\/ponen-querella-al-comunicador-jhossan-capell-por-agresion-en-el-palacio-de-justicia-de-ciudad-nueva\/"},"modified":"2026-04-28T15:40:42","modified_gmt":"2026-04-28T19:40:42","slug":"ponen-querella-al-comunicador-jhossan-capell-por-agresion-en-el-palacio-de-justicia-de-ciudad-nueva","status":"publish","type":"post","link":"https:\/\/ermdigital.com\/index.php\/2026\/04\/28\/ponen-querella-al-comunicador-jhossan-capell-por-agresion-en-el-palacio-de-justicia-de-ciudad-nueva\/","title":{"rendered":"Ponen querella al comunicador Jhossan Capell por agresi\u00f3n en el Palacio de Justicia de Ciudad Nueva"},"content":{"rendered":"<p><em><strong>Santo Domingo.\u2013<\/strong><\/em> El comunicador Jhossan Capell fue denunciado ante la Fiscal\u00eda del Distrito Nacional tras presuntamente agredir f\u00edsicamente al se\u00f1or Jos\u00e9 Luis Custodio, en un hecho ocurrido en el Palacio de Justicia de Ciudad Nueva.<\/p>\n<p>La denuncia, registrada bajo el n\u00famero 11001-2026-001821, fue depositada en el Departamento de Sistema de Atenci\u00f3n al Ciudadano. En el documento, se acusa a Capell de violar el art\u00edculo 309 del C\u00f3digo Penal Dominicano, que sanciona la agresi\u00f3n f\u00edsica, golpes y heridas.<\/p>\n<h4 class=\"wp-block-heading\"><strong>Puedes leer: <a href=\"https:\/\/deultimominuto.net\/nacionales\/pasado-de-jhossan-capell\/\">Hansel Garc\u00eda cuestiona el oscuro pasado de Jhossan Capell tras incidente en el Palacio de Justicia<\/a><\/strong><\/h4>\n<p>El incidente se produjo mientras el comunicador ofrec\u00eda declaraciones a la prensa en defensa de los propietarios de una discoteca, los hermanos Antonio Espaillat y Maribel Espaillat, a quienes atribuy\u00f3 una trayectoria de apoyo a la comunidad.<\/p>\n<p>De acuerdo con la denuncia, en medio de la interacci\u00f3n se origin\u00f3 un altercado que termin\u00f3 con una bofetada propinada al se\u00f1or Custodio, padre de una de las v\u00edctimas del tr\u00e1gico incidente vinculado al caso.<\/p>\n<p>Hasta el momento, las autoridades no han ofrecido detalles adicionales sobre el curso de la investigaci\u00f3n ni sobre posibles medidas en contra del comunicador, mientras el caso se encuentra bajo conocimiento del Ministerio P\u00fablico del Distrito Nacional.<\/p>\n<p>\u200bSanto Domingo.\u2013 El comunicador Jhossan Capell fue denunciado ante la Fiscal\u00eda del Distrito Nacional tras presuntamente agredir f\u00edsicamente al se\u00f1or Jos\u00e9 Luis Custodio, en un hecho ocurrido en el Palacio de Justicia de Ciudad Nueva. La denuncia, registrada bajo el n\u00famero 11001-2026-001821, fue depositada en el Departamento de Sistema de Atenci\u00f3n al Ciudadano. En el\u00a0\u00a0Nacionales, Jhossan Capell\u00a0\u00a0<\/p>\n","protected":false},"excerpt":{"rendered":"<p>Santo Domingo.\u2013 El comunicador Jhossan Capell fue denunciado ante la Fiscal\u00eda del Distrito Nacional tras presuntamente agredir f\u00edsicamente al se\u00f1or Jos\u00e9 Luis Custodio, en un hecho ocurrido en el Palacio de Justicia de Ciudad Nueva. La denuncia, registrada bajo el n\u00famero 11001-2026-001821, fue depositada en el Departamento de Sistema de Atenci\u00f3n al Ciudadano. En el [&hellip;]<\/p>\n","protected":false},"author":1,"featured_media":25646,"comment_status":"open","ping_status":"open","sticky":false,"template":"","format":"standard","meta":{"amp_status":"","footnotes":""},"categories":[3],"tags":[],"class_list":["post-25645","post","type-post","status-publish","format-standard","has-post-thumbnail","hentry","category-de-ultimo-minuto"],"_links":{"self":[{"href":"https:\/\/ermdigital.com\/index.php\/wp-json\/wp\/v2\/posts\/25645","targetHints":{"allow":["GET"]}}],"collection":[{"href":"https:\/\/ermdigital.com\/index.php\/wp-json\/wp\/v2\/posts"}],"about":[{"href":"https:\/\/ermdigital.com\/index.php\/wp-json\/wp\/v2\/types\/post"}],"author":[{"embeddable":true,"href":"https:\/\/ermdigital.com\/index.php\/wp-json\/wp\/v2\/users\/1"}],"replies":[{"embeddable":true,"href":"https:\/\/ermdigital.com\/index.php\/wp-json\/wp\/v2\/comments?post=25645"}],"version-history":[{"count":0,"href":"https:\/\/ermdigital.com\/index.php\/wp-json\/wp\/v2\/posts\/25645\/revisions"}],"wp:featuredmedia":[{"embeddable":true,"href":"https:\/\/ermdigital.com\/index.php\/wp-json\/wp\/v2\/media\/25646"}],"wp:attachment":[{"href":"https:\/\/ermdigital.com\/index.php\/wp-json\/wp\/v2\/media?parent=25645"}],"wp:term":[{"taxonomy":"category","embeddable":true,"href":"https:\/\/ermdigital.com\/index.php\/wp-json\/wp\/v2\/categories?post=25645"},{"taxonomy":"post_tag","embeddable":true,"href":"https:\/\/ermdigital.com\/index.php\/wp-json\/wp\/v2\/tags?post=25645"}],"curies":[{"name":"wp","href":"https:\/\/api.w.org\/{rel}","templated":true}]}}