{"id":25643,"date":"2026-04-28T15:48:45","date_gmt":"2026-04-28T19:48:45","guid":{"rendered":"https:\/\/ermdigital.com\/index.php\/2026\/04\/28\/mexico-anuncia-sus-primeros-12-jugadores-convocados-para-el-mundial\/"},"modified":"2026-04-28T15:48:45","modified_gmt":"2026-04-28T19:48:45","slug":"mexico-anuncia-sus-primeros-12-jugadores-convocados-para-el-mundial","status":"publish","type":"post","link":"https:\/\/ermdigital.com\/index.php\/2026\/04\/28\/mexico-anuncia-sus-primeros-12-jugadores-convocados-para-el-mundial\/","title":{"rendered":"M\u00e9xico anuncia sus primeros 12 jugadores convocados para el Mundial"},"content":{"rendered":"<p>M\u00e9xico (EFE).- El delantero Guillermo Mart\u00ednez, de los Pumas UNAM, es la principal novedad en la lista de 12 jugadores de la Liga MX que representar\u00e1n a M\u00e9xico en el pr\u00f3ximo Mundial, anunciada este martes por la Federaci\u00f3n Mexicana de F\u00fatbol (FMF).<\/p>\n<p><strong>Te puede interesar.<\/strong> <a href=\"https:\/\/deultimominuto.net\/deportes\/futbol\/militao-es-operado-con-exito-segun-el-real-madrid\/\">Militao es operado \u00abcon \u00e9xito\u00bb, seg\u00fan el Real Madrid<\/a><\/p>\n<p>En un comunicado, la FMF confirm\u00f3 el grupo de dos guardametas, dos defensas, cinco centrocampistas y tres delanteros que se concentrar\u00e1n en la Ciudad de M\u00e9xico a partir de 6 de mayo para comenzar la parte final de la preparaci\u00f3n.<\/p>\n<p>Mart\u00ednez, con cinco goles en el torneo Clausura, aparece como una alternativa en el ataque en un momento en el que el seleccionador, Javier Aguirre, tiene dudas sobre la evoluci\u00f3n de las dolencias de algunos delanteros, sobre todo Santiago Gim\u00e9nez, del Milan italiano, con pocos minutos de juego tras regresar de una lesi\u00f3n.<\/p>\n<p>Adem\u00e1s de los 12 elegidos para el Mundial, Aguirre llam\u00f3 a ocho j\u00f3venes con capacidad de crecimiento, quienes acompa\u00f1ar\u00e1n al grupo como \u2018ayudantes\u2019, con el conocimiento de que no tienen posibilidades de estar en el Mundial.<\/p>\n<p>Ese grupo de \u2018ayudantes\u2019 lo forman el portero \u00d3scar Garc\u00eda (Le\u00f3n); los defensas: Luis Rey (Puebla), Eduardo \u00c1guila (San Luis), Jes\u00fas G\u00f3mez (Tijuana) y Denzell Garc\u00eda (Ju\u00e1rez FC); los centrocampistas Iker Fimbres (Monterrey) y Jairo Torres (Ju\u00e1rez FC); y el delantero Kevin Casta\u00f1eda (Tijuana).<\/p>\n<figure class=\"wp-block-image\"><img decoding=\"async\" src=\"https:\/\/i0.wp.com\/efe.com\/wp-content\/uploads\/2026\/04\/MEX4317-MEXICO-FUTBOL.webp?resize=900%2C599&amp;ssl=1\" alt=\"M\u00e9xico anuncia sus primeros 12 jugadores convocados para el Mundial - Noticias de hoy en Rep\u00fablica Dominicana | De \u00daltimo Minuto\" class=\"wp-image-2642806\" title=\"M\u00e9xico anuncia sus primeros 12 jugadores convocados para el Mundial | 1 |\"><figcaption class=\"wp-element-caption\">Fotograf\u00eda de archivo del entrenador de la selecci\u00f3n mexicana de f\u00fatbol, Javier Aguirre (i), en un entrenamiento en Ciudad de M\u00e9xico (M\u00e9xico). EFE\/Jos\u00e9 M\u00e9ndez<\/figcaption><\/figure>\n<h2 class=\"wp-block-heading\">Tres partidos restantes previos al mundial<\/h2>\n<p>La lista final de la selecci\u00f3n mexicana se completar\u00e1 a m\u00e1s tardar el 1 de junio con los futbolistas que juegan en el extranjero, la mayor\u00eda en Europa.<\/p>\n<p>En ella, salvo sorpresa, estar\u00e1n jugadores como el delantero Ra\u00fal Jim\u00e9nez, del Fulham ingl\u00e9s, y el defensa Johan V\u00e1squez, del G\u00e9nova italiano, as\u00ed como el arquero Guillermo Ochoa, del Limassol de Chipre, quien participar\u00eda en su sexto Mundial.<\/p>\n<p>El gran ausente de la convocatoria de este martes es el centrocampista Marcel Ruiz, del Toluca, quien se perfilaba como titular en el Mundial, pero sufri\u00f3 una grave lesi\u00f3n de rodilla y hay dudas sobre su recuperaci\u00f3n.<\/p>\n<p>Al cuadro de Javier Aguirre le quedan tres partidos amistosos antes del Mundial, contra Ghana el 22 de mayo, ante Australia el 30 y frente a Serbia el 4 de junio.<\/p>\n<p>M\u00e9xico jugar\u00e1 la Copa del Mundo en el grupo A, en el que se enfrentar\u00e1 a Sud\u00e1frica el 11 de junio, a Corea el 18 y a la Rep\u00fablica Checa el 24.<\/p>\n<p>Las dos veces que M\u00e9xico fue sede del Mundial accedi\u00f3 a los cuartos de final, lo cual es un reto para el \u2018Tri\u2019 de Aguirre.<\/p>\n<h2 class=\"wp-block-heading\">Primera lista de convocados de M\u00e9xico para el Mundial 2026:<\/h2>\n<ul class=\"wp-block-list\">\n<li>Guardametas: Ra\u00fal Rangel (Guadalajara) y Carlos Acevedo (Santos Laguna).<\/li>\n<li>Defensas: Israel Reyes (Am\u00e9rica) y Jes\u00fas Gallardo (Toluca)<\/li>\n<li>Centrocampistas: Luis Romo (Guadalajara), Erik Lira (Cruz Azul), Brian Guti\u00e9rrez (Guadalajara), Gilberto Mora (Tijuana), Roberto Alvarado (Guadalajara).<\/li>\n<li>Delanteros: Alexis Vega (Toluca), Guillermo Mart\u00ednez (Pumas UNAM) y Armando Gonz\u00e1lez (Guadalajara).<\/li>\n<\/ul>\n<p>\u200bM\u00e9xico (EFE).- El delantero Guillermo Mart\u00ednez, de los Pumas UNAM, es la principal novedad en la lista de 12 jugadores de la Liga MX que representar\u00e1n a M\u00e9xico en el pr\u00f3ximo Mundial, anunciada este martes por la Federaci\u00f3n Mexicana de F\u00fatbol (FMF). Te puede interesar. Militao es operado \u00abcon \u00e9xito\u00bb, seg\u00fan el Real Madrid En\u00a0\u00a0F\u00fatbol, Deultimominuto, ElPeri\u00f3dicodelaVerdad, Rep\u00fablica Dominicana\u00a0\u00a0<\/p>\n","protected":false},"excerpt":{"rendered":"<p>M\u00e9xico (EFE).- El delantero Guillermo Mart\u00ednez, de los Pumas UNAM, es la principal novedad en la lista de 12 jugadores de la Liga MX que representar\u00e1n a M\u00e9xico en el pr\u00f3ximo Mundial, anunciada este martes por la Federaci\u00f3n Mexicana de F\u00fatbol (FMF). Te puede interesar. Militao es operado \u00abcon \u00e9xito\u00bb, seg\u00fan el Real Madrid En [&hellip;]<\/p>\n","protected":false},"author":1,"featured_media":25644,"comment_status":"open","ping_status":"open","sticky":false,"template":"","format":"standard","meta":{"amp_status":"","footnotes":""},"categories":[3],"tags":[],"class_list":["post-25643","post","type-post","status-publish","format-standard","has-post-thumbnail","hentry","category-de-ultimo-minuto"],"_links":{"self":[{"href":"https:\/\/ermdigital.com\/index.php\/wp-json\/wp\/v2\/posts\/25643","targetHints":{"allow":["GET"]}}],"collection":[{"href":"https:\/\/ermdigital.com\/index.php\/wp-json\/wp\/v2\/posts"}],"about":[{"href":"https:\/\/ermdigital.com\/index.php\/wp-json\/wp\/v2\/types\/post"}],"author":[{"embeddable":true,"href":"https:\/\/ermdigital.com\/index.php\/wp-json\/wp\/v2\/users\/1"}],"replies":[{"embeddable":true,"href":"https:\/\/ermdigital.com\/index.php\/wp-json\/wp\/v2\/comments?post=25643"}],"version-history":[{"count":0,"href":"https:\/\/ermdigital.com\/index.php\/wp-json\/wp\/v2\/posts\/25643\/revisions"}],"wp:featuredmedia":[{"embeddable":true,"href":"https:\/\/ermdigital.com\/index.php\/wp-json\/wp\/v2\/media\/25644"}],"wp:attachment":[{"href":"https:\/\/ermdigital.com\/index.php\/wp-json\/wp\/v2\/media?parent=25643"}],"wp:term":[{"taxonomy":"category","embeddable":true,"href":"https:\/\/ermdigital.com\/index.php\/wp-json\/wp\/v2\/categories?post=25643"},{"taxonomy":"post_tag","embeddable":true,"href":"https:\/\/ermdigital.com\/index.php\/wp-json\/wp\/v2\/tags?post=25643"}],"curies":[{"name":"wp","href":"https:\/\/api.w.org\/{rel}","templated":true}]}}