{"id":25632,"date":"2026-04-28T15:48:51","date_gmt":"2026-04-28T19:48:51","guid":{"rendered":"https:\/\/ermdigital.com\/index.php\/2026\/04\/28\/inabie-interviene-sabana-perdida-con-jornada-de-salud-en-beneficio-de-mas-de-1000-estudiantes\/"},"modified":"2026-04-28T15:48:51","modified_gmt":"2026-04-28T19:48:51","slug":"inabie-interviene-sabana-perdida-con-jornada-de-salud-en-beneficio-de-mas-de-1000-estudiantes","status":"publish","type":"post","link":"https:\/\/ermdigital.com\/index.php\/2026\/04\/28\/inabie-interviene-sabana-perdida-con-jornada-de-salud-en-beneficio-de-mas-de-1000-estudiantes\/","title":{"rendered":"INABIE interviene Sabana Perdida con jornada de salud en beneficio de m\u00e1s de 1,000 estudiantes"},"content":{"rendered":"<p><span class=\"field field--name-title field--type-string field--label-hidden\">INABIE interviene Sabana Perdida con jornada de salud en beneficio de m\u00e1s de 1,000 estudiantes<\/span><br \/>\n<span class=\"field field--name-uid field--type-entity-reference field--label-hidden\"><span>yamellrossi<\/span><\/span><br \/>\n<span class=\"field field--name-created field--type-created field--label-hidden\"><time datetime=\"2026-04-28T15:48:51-04:00\" title=\"Martes, Abril 28, 2026 - 15:48\" class=\"datetime\">28 de  Abril 2026 | 15:48<\/time><br \/>\n<\/span><\/p>\n<div class=\"clearfix text-formatted field field--name-body field--type-text-with-summary field--label-hidden field__item\">\n<p dir=\"ltr\"><span>Santo Domingo Norte.\u2013 El Instituto Nacional de Bienestar Estudiantil\u00a0<\/span><strong>(INABIE)<\/strong><span> lleva a cabo una\u00a0<\/span><strong>jornada de salud integral<\/strong><span> en\u00a0<\/span><strong>Sabana Perdida<\/strong><span>, para beneficiar a\u00a0<\/span><strong>m\u00e1s de 1,000 estudiantes<\/strong><span> de distintos centros educativos, como parte de sus esfuerzos por fortalecer el\u00a0<\/span><strong>bienestar<\/strong><span> de esta poblaci\u00f3n.<\/span><\/p>\n<p dir=\"ltr\"><span>La iniciativa impacta a alumnos de la\u00a0<\/span><strong>Escuela Primaria Mara\u00f1\u00f3n I<\/strong><span>, as\u00ed como de los centros educativos\u00a0<\/span><strong>Cardenal Sancha (Fe y Alegr\u00eda), Mar\u00eda Teresa Mirabal (Fe y Esperanza) y el Centro Cristiano de Educaci\u00f3n para Sordos<\/strong><span>, quienes reciben atenciones en diversas \u00e1reas de la salud.<\/span><\/p>\n<p dir=\"ltr\"><span>Durante un recorrido por la jornada, el director ejecutivo del INABIE,\u00a0<\/span><strong>Adolfo P\u00e9rez<\/strong><span>, reafirm\u00f3 el compromiso de la instituci\u00f3n de\u00a0<\/span><strong>acercar servicios m\u00e9dicos esenciales a las comunidades educativas.<\/strong><\/p>\n<p dir=\"ltr\"><em>\u201cCon esta jornada seguimos garantizando atenci\u00f3n oportuna y de calidad para los estudiantes. Para este 2026, tenemos programadas m\u00e1s de 10 jornadas integrales a nivel nacional. Ya hemos realizado cuatro y proyectamos beneficiar a m\u00e1s de medio mill\u00f3n de alumnos del sistema educativo p\u00fablico\u201d,<\/em><span> expres\u00f3.<\/span><\/p>\n<p dir=\"ltr\"><span>El INABIE destac\u00f3 que estas jornadas est\u00e1n enfocadas en\u00a0<\/span><strong>la prevenci\u00f3n, el diagn\u00f3stico temprano y la atenci\u00f3n oportuna<\/strong><span>, con el objetivo de reducir las barreras de acceso a servicios m\u00e9dicos y contribuir con el desarrollo integral de los estudiantes.<\/span><\/p>\n<p dir=\"ltr\"><strong>Servicios ofrecidos<\/strong><\/p>\n<p dir=\"ltr\"><span>En el \u00e1rea de\u00a0<\/span><strong>salud bucal<\/strong><span>, el equipo m\u00e9dico del INABIE realiza procedimientos como restauraciones dentales, extracciones, profilaxis, aplicaci\u00f3n de fl\u00faor y evaluaciones especializadas.<\/span><\/p>\n<p dir=\"ltr\"><span>En\u00a0<\/span><strong>salud visual<\/strong><span>, los estudiantes son evaluados mediante oftalmoscopia, autorefracci\u00f3n, pruebas de lentes y tonometr\u00eda. Aquellos que requieren correcci\u00f3n visual reciben la\u00a0<\/span><strong>prescripci\u00f3n<\/strong><span> y, posteriormente, los\u00a0<\/span><strong>lentes<\/strong><span> fabricados por la instituci\u00f3n.<\/span><\/p>\n<p><img>\n<\/p>\n<p dir=\"ltr\"><span>Asimismo, en\u00a0<\/span><strong>medicina auditiva<\/strong><span> realizan audiometr\u00edas y adaptaci\u00f3n de auxiliares auditivos, los cuales son entregados de manera inmediata a quienes los necesiten.<\/span><\/p>\n<p dir=\"ltr\"><span>En el componente de\u00a0<\/span><strong>salud preventiva y nutricional<\/strong><span>, efect\u00faan chequeos generales y suministran medicamentos para afecciones comunes en edad escolar.<\/span><\/p>\n<p dir=\"ltr\"><strong>Valoraci\u00f3n de la comunidad<\/strong><\/p>\n<p dir=\"ltr\"><strong>Padres y tutores<\/strong><span> destacaron el\u00a0<\/span><strong>impacto positivo<\/strong><span> de la jornada.\u00a0<\/span><strong>Flogenly Sajuin<\/strong><span>, madre de un estudiante beneficiado, resalt\u00f3 la\u00a0<\/span><strong>importancia del apoyo recibido<\/strong><span>.<\/span><\/p>\n<p dir=\"ltr\"><em>\u201cMi hijo tiene problemas de la vista y gracias a esta ayuda podr\u00e1 aprender mejor. No siempre contamos con los recursos para consultas m\u00e9dicas, por lo que esto representa una gran oportunidad para su desarrollo\u201d,<\/em><span> manifest\u00f3.<\/span><\/p>\n<p dir=\"ltr\"><span>De igual forma, la directora del centro educativo,\u00a0<\/span><strong>Santa Reyes<\/strong><span>, calific\u00f3 la jornada como un\u00a0<\/span><strong>respaldo significativo<\/strong><span> para la comunidad escolar.<\/span><\/p>\n<p dir=\"ltr\"><em>\u201cEsta iniciativa permite que los estudiantes reciban atenciones de salud sin interrumpir su proceso educativo, adem\u00e1s de representar un alivio para muchas familias\u201d<\/em><span>, se\u00f1al\u00f3.<\/span><\/p>\n<p dir=\"ltr\"><span>Durante el recorrido, el director ejecutivo del INABIE estuvo acompa\u00f1ado por el director de Salud y Nutrici\u00f3n de la instituci\u00f3n,\u00a0<\/span><strong>Luis Lizardo<\/strong><span>; la directora de la Regional 10 de Educaci\u00f3n,\u00a0<\/span><strong>Dominga Mosquea<\/strong><span>; la directora del Distrito Educativo 10-02,\u00a0<\/span><strong>Lucibel Silva<\/strong><span>; los subdirectores de Promese\/CAL,\u00a0<\/span><strong>Andrea Dif\u00f3 y Carlos Padilla<\/strong><span>, as\u00ed como la regidora\u00a0<\/span><strong>Adalgisa N\u00fa\u00f1ez<\/strong><span>.<\/span><\/p>\n<p><span>Con este tipo de acciones, el INABIE reafirma su compromiso de garantizar mejores condiciones de salud para los estudiantes, contribuyendo con su\u00a0<\/span><strong>aprendizaje y desarrollo integral.<\/strong><\/p>\n<\/div>\n<div class=\"field field--name-field-image field--type-image field--label-hidden field__item\">  <img decoding=\"async\" loading=\"lazy\" src=\"https:\/\/www.presidencia.gob.do\/sites\/default\/files\/news\/2026-04\/El%20INABIE%20interviene%20Sabana%20Perd.jpg\" width=\"1300\" height=\"800\" alt=\"Energia\"><\/p>\n<\/div>\n<p>\u00a0INABIE interviene Sabana Perdida con jornada de salud en beneficio de m\u00e1s de 1,000 estudiantes<br \/>\nyamellrossi<br \/>\n28 de  Abril 2026 | 15:48<\/p>\n<p>            Santo Domingo Norte.\u2013 El Instituto Nacional de Bienestar Estudiantil\u00a0(INABIE) lleva a cabo una\u00a0jornada de salud integral en\u00a0Sabana Perdida, para beneficiar a\u00a0m\u00e1s de 1,000 estudiantes de distintos centros educativos, como parte de sus esfuerzos por fortalecer el\u00a0bienestar de esta poblaci\u00f3n.<br \/>\nLa iniciativa impacta a alumnos de la\u00a0Escuela Primaria Mara\u00f1\u00f3n I, as\u00ed como de los centros educativos\u00a0Cardenal Sancha (Fe y Alegr\u00eda), Mar\u00eda Teresa Mirabal (Fe y Esperanza) y el Centro Cristiano de Educaci\u00f3n para Sordos, quienes reciben atenciones en diversas \u00e1reas de la salud.<br \/>\nDurante un recorrido por la jornada, el director ejecutivo del INABIE,\u00a0Adolfo P\u00e9rez, reafirm\u00f3 el compromiso de la instituci\u00f3n de\u00a0acercar servicios m\u00e9dicos esenciales a las comunidades educativas.<br \/>\n\u201cCon esta jornada seguimos garantizando atenci\u00f3n oportuna y de calidad para los estudiantes. Para este 2026, tenemos programadas m\u00e1s de 10 jornadas integrales a nivel nacional. Ya hemos realizado cuatro y proyectamos beneficiar a m\u00e1s de medio mill\u00f3n de alumnos del sistema educativo p\u00fablico\u201d, expres\u00f3.<br \/>\nEl INABIE destac\u00f3 que estas jornadas est\u00e1n enfocadas en\u00a0la prevenci\u00f3n, el diagn\u00f3stico temprano y la atenci\u00f3n oportuna, con el objetivo de reducir las barreras de acceso a servicios m\u00e9dicos y contribuir con el desarrollo integral de los estudiantes.<br \/>\nServicios ofrecidos<br \/>\nEn el \u00e1rea de\u00a0salud bucal, el equipo m\u00e9dico del INABIE realiza procedimientos como restauraciones dentales, extracciones, profilaxis, aplicaci\u00f3n de fl\u00faor y evaluaciones especializadas.<br \/>\nEn\u00a0salud visual, los estudiantes son evaluados mediante oftalmoscopia, autorefracci\u00f3n, pruebas de lentes y tonometr\u00eda. Aquellos que requieren correcci\u00f3n visual reciben la\u00a0prescripci\u00f3n y, posteriormente, los\u00a0lentes fabricados por la instituci\u00f3n.<\/p>\n<p>Asimismo, en\u00a0medicina auditiva realizan audiometr\u00edas y adaptaci\u00f3n de auxiliares auditivos, los cuales son entregados de manera inmediata a quienes los necesiten.<br \/>\nEn el componente de\u00a0salud preventiva y nutricional, efect\u00faan chequeos generales y suministran medicamentos para afecciones comunes en edad escolar.<br \/>\nValoraci\u00f3n de la comunidad<br \/>\nPadres y tutores destacaron el\u00a0impacto positivo de la jornada.\u00a0Flogenly Sajuin, madre de un estudiante beneficiado, resalt\u00f3 la\u00a0importancia del apoyo recibido.<br \/>\n\u201cMi hijo tiene problemas de la vista y gracias a esta ayuda podr\u00e1 aprender mejor. No siempre contamos con los recursos para consultas m\u00e9dicas, por lo que esto representa una gran oportunidad para su desarrollo\u201d, manifest\u00f3.<br \/>\nDe igual forma, la directora del centro educativo,\u00a0Santa Reyes, calific\u00f3 la jornada como un\u00a0respaldo significativo para la comunidad escolar.<br \/>\n\u201cEsta iniciativa permite que los estudiantes reciban atenciones de salud sin interrumpir su proceso educativo, adem\u00e1s de representar un alivio para muchas familias\u201d, se\u00f1al\u00f3.<br \/>\nDurante el recorrido, el director ejecutivo del INABIE estuvo acompa\u00f1ado por el director de Salud y Nutrici\u00f3n de la instituci\u00f3n,\u00a0Luis Lizardo; la directora de la Regional 10 de Educaci\u00f3n,\u00a0Dominga Mosquea; la directora del Distrito Educativo 10-02,\u00a0Lucibel Silva; los subdirectores de Promese\/CAL,\u00a0Andrea Dif\u00f3 y Carlos Padilla, as\u00ed como la regidora\u00a0Adalgisa N\u00fa\u00f1ez.<br \/>\nCon este tipo de acciones, el INABIE reafirma su compromiso de garantizar mejores condiciones de salud para los estudiantes, contribuyendo con su\u00a0aprendizaje y desarrollo integral.\u00a0\u00a0\u00a0<\/p>\n","protected":false},"excerpt":{"rendered":"<p>INABIE interviene Sabana Perdida con jornada de salud en beneficio de m\u00e1s de 1,000 estudiantes yamellrossi 28 de Abril 2026 | 15:48 Santo Domingo Norte.\u2013 El Instituto Nacional de Bienestar Estudiantil\u00a0(INABIE) lleva a cabo una\u00a0jornada de salud integral en\u00a0Sabana Perdida, para beneficiar a\u00a0m\u00e1s de 1,000 estudiantes de distintos centros educativos, como parte de sus esfuerzos [&hellip;]<\/p>\n","protected":false},"author":1,"featured_media":25633,"comment_status":"open","ping_status":"open","sticky":false,"template":"","format":"standard","meta":{"amp_status":"","footnotes":""},"categories":[8],"tags":[],"class_list":["post-25632","post","type-post","status-publish","format-standard","has-post-thumbnail","hentry","category-republica"],"_links":{"self":[{"href":"https:\/\/ermdigital.com\/index.php\/wp-json\/wp\/v2\/posts\/25632","targetHints":{"allow":["GET"]}}],"collection":[{"href":"https:\/\/ermdigital.com\/index.php\/wp-json\/wp\/v2\/posts"}],"about":[{"href":"https:\/\/ermdigital.com\/index.php\/wp-json\/wp\/v2\/types\/post"}],"author":[{"embeddable":true,"href":"https:\/\/ermdigital.com\/index.php\/wp-json\/wp\/v2\/users\/1"}],"replies":[{"embeddable":true,"href":"https:\/\/ermdigital.com\/index.php\/wp-json\/wp\/v2\/comments?post=25632"}],"version-history":[{"count":0,"href":"https:\/\/ermdigital.com\/index.php\/wp-json\/wp\/v2\/posts\/25632\/revisions"}],"wp:featuredmedia":[{"embeddable":true,"href":"https:\/\/ermdigital.com\/index.php\/wp-json\/wp\/v2\/media\/25633"}],"wp:attachment":[{"href":"https:\/\/ermdigital.com\/index.php\/wp-json\/wp\/v2\/media?parent=25632"}],"wp:term":[{"taxonomy":"category","embeddable":true,"href":"https:\/\/ermdigital.com\/index.php\/wp-json\/wp\/v2\/categories?post=25632"},{"taxonomy":"post_tag","embeddable":true,"href":"https:\/\/ermdigital.com\/index.php\/wp-json\/wp\/v2\/tags?post=25632"}],"curies":[{"name":"wp","href":"https:\/\/api.w.org\/{rel}","templated":true}]}}