{"id":25626,"date":"2026-04-28T14:29:39","date_gmt":"2026-04-28T18:29:39","guid":{"rendered":"https:\/\/ermdigital.com\/index.php\/2026\/04\/28\/hansel-garcia-denuncia-supuesta-red-de-abuso-sexual-en-escuela-publica-dominicana\/"},"modified":"2026-04-28T14:29:39","modified_gmt":"2026-04-28T18:29:39","slug":"hansel-garcia-denuncia-supuesta-red-de-abuso-sexual-en-escuela-publica-dominicana","status":"publish","type":"post","link":"https:\/\/ermdigital.com\/index.php\/2026\/04\/28\/hansel-garcia-denuncia-supuesta-red-de-abuso-sexual-en-escuela-publica-dominicana\/","title":{"rendered":"Hansel Garc\u00eda denuncia supuesta red de abuso sexual en escuela p\u00fablica dominicana"},"content":{"rendered":"<p>Santo Domingo.\u2013 El periodista y panelista del <a href=\"https:\/\/deultimominuto.net\/nacionales\/habla-madre-de-nina-muerta\/\"><strong>programa <\/strong><\/a><a href=\"https:\/\/www.youtube.com\/@estonoesradio2242\/videos\" target=\"_blank\" rel=\"noopener\"><strong>Esto No es Radio<\/strong><\/a>, Hansel Garc\u00eda lanz\u00f3 fuertes acusaciones al advertir sobre la existencia de una presunta red de acoso y abuso sexual que habr\u00eda operado durante a\u00f1os dentro del sistema escolar p\u00fablico de Rep\u00fablica Dominicana.<\/p>\n<p>Seg\u00fan Garc\u00eda, el caso podr\u00eda constituir \u201c<strong>el mayor esc\u00e1ndalo de agresi\u00f3n sexual contra estudiantes en el pa\u00eds<\/strong>\u201d, se\u00f1alando directamente al Polit\u00e9cnico V\u00edctor Estrella Liz, conocido como \u201cLa Perito\u201d, como el epicentro de las denuncias.<\/p>\n<p><strong>LEER TAMBI\u00c9N: <a href=\"https:\/\/deultimominuto.net\/internacionales\/arrestan-profesora-academia\/\" data-type=\"post\" data-id=\"504645\">Arrestan a una profesora de una academia cristiana por tener relaciones sexuales con una alumna menor<\/a><\/strong><\/p>\n<h2 class=\"wp-block-heading\"><strong>Denuncias de una red estructurada<\/strong><\/h2>\n<p>Durante su intervenci\u00f3n, el analista afirm\u00f3 que no se trata de hechos aislados, sino de una estructura sostenida en el tiempo:<\/p>\n<blockquote class=\"wp-block-quote is-layout-flow wp-block-quote-is-layout-flow\">\n<p>\u201cEstamos hablando de una red de acoso y de abuso sexual en la cual est\u00e1n involucrados al menos cinco profesores\u201d.<\/p>\n<\/blockquote>\n<p>Las acusaciones coinciden con investigaciones en curso que involucran a varios docentes del centro educativo, tras denuncias de estudiantes y personal escolar que han activado procesos oficiales.<\/p>\n<p>El periodista tambi\u00e9n calific\u00f3 los hechos como \u201chorribles, asqueantes, dantescos\u201d, asegurando que el caso se ha desarrollado durante al menos una d\u00e9cada.<\/p>\n<figure class=\"wp-block-embed is-type-video is-provider-youtube wp-block-embed-youtube wp-embed-aspect-16-9 wp-has-aspect-ratio\">\n<div class=\"wp-block-embed__wrapper\">\n<div class=\"youtube-embed\" data-video_id=\"b2_Q7Adb_d8\"><\/div>\n<\/div>\n<\/figure>\n<h3 class=\"wp-block-heading\"><strong>Casos documentados y patr\u00f3n de conducta<\/strong><\/h3>\n<p>Garc\u00eda relat\u00f3 varios episodios que, seg\u00fan dijo, forman parte de una investigaci\u00f3n previa impulsada por el comunicador Ram\u00f3n Tolentino. Entre ellos, destac\u00f3:<\/p>\n<ul class=\"wp-block-list\">\n<li><strong>Primer caso:<\/strong> una estudiante de 15 a\u00f1os habr\u00eda sido manipulada con promesas acad\u00e9micas y posteriormente abusada durante a\u00f1os.<\/li>\n<li><strong>Segundo caso:<\/strong> dos docentes habr\u00edan sido sorprendidos abusando de una menor dentro del plantel.<\/li>\n<li><strong>Tercer caso:<\/strong> una profesora denunci\u00f3 a un docente por conducta inapropiada y, seg\u00fan el relato, fue despedida.<\/li>\n<li><strong>Cuarto caso:<\/strong> una estudiante denunci\u00f3 acoso mediante mensajes, lo que desencaden\u00f3 la investigaci\u00f3n actual.<\/li>\n<\/ul>\n<blockquote class=\"wp-block-quote is-layout-flow wp-block-quote-is-layout-flow\">\n<p>\u201cEsto ocurre en uno de los planteles escolares de mayor simbolismo del pa\u00eds, lo que agrava a\u00fan m\u00e1s la situaci\u00f3n\u201d, sostuvo.<\/p>\n<\/blockquote>\n<h2 class=\"wp-block-heading\"><strong>Arrestos de profesores e investigaciones<\/strong><\/h2>\n<p>Uno de los principales se\u00f1alados, el profesor de matem\u00e1ticas Inocencio Lebr\u00f3n Montero, ya fue arrestado por las autoridades tras m\u00faltiples denuncias de abuso sexual contra menores.<\/p>\n<p>Adem\u00e1s, las investigaciones se extienden a otros docentes y a la direcci\u00f3n del centro, ante sospechas de encubrimiento o negligencia institucional.<\/p>\n<blockquote class=\"wp-block-quote is-layout-flow wp-block-quote-is-layout-flow\">\n<p>\u201cEl que sabe del abuso contra un menor y no lo denuncia, es c\u00f3mplice\u201d, enfatiz\u00f3 Garc\u00eda durante el programa.<\/p>\n<\/blockquote>\n<h3 class=\"wp-block-heading\"><strong>Cuestionamientos al sistema educativo<\/strong><\/h3>\n<p>Durante el panel tambi\u00e9n se hicieron duras cr\u00edticas a la gesti\u00f3n interna del centro educativo y a los protocolos del sistema:<\/p>\n<blockquote class=\"wp-block-quote is-layout-flow wp-block-quote-is-layout-flow\">\n<p>\u201cEsto deja en verg\u00fcenza al sistema educativo y nos obliga a una revisi\u00f3n profunda como sociedad\u201d.<\/p>\n<\/blockquote>\n<p>\u200bSanto Domingo.\u2013 El periodista y panelista del programa Esto No es Radio, Hansel Garc\u00eda lanz\u00f3 fuertes acusaciones al advertir sobre la existencia de una presunta red de acoso y abuso sexual que habr\u00eda operado durante a\u00f1os dentro del sistema escolar p\u00fablico de Rep\u00fablica Dominicana. Seg\u00fan Garc\u00eda, el caso podr\u00eda constituir \u201cel mayor esc\u00e1ndalo de agresi\u00f3n\u00a0\u00a0Nacionales, abuso sexual infantil, Esto no es Radio Show, Hansel Garc\u00eda\u00a0\u00a0<\/p>\n","protected":false},"excerpt":{"rendered":"<p>Santo Domingo.\u2013 El periodista y panelista del programa Esto No es Radio, Hansel Garc\u00eda lanz\u00f3 fuertes acusaciones al advertir sobre la existencia de una presunta red de acoso y abuso sexual que habr\u00eda operado durante a\u00f1os dentro del sistema escolar p\u00fablico de Rep\u00fablica Dominicana. Seg\u00fan Garc\u00eda, el caso podr\u00eda constituir \u201cel mayor esc\u00e1ndalo de agresi\u00f3n [&hellip;]<\/p>\n","protected":false},"author":1,"featured_media":25627,"comment_status":"open","ping_status":"open","sticky":false,"template":"","format":"standard","meta":{"amp_status":"","footnotes":""},"categories":[3],"tags":[],"class_list":["post-25626","post","type-post","status-publish","format-standard","has-post-thumbnail","hentry","category-de-ultimo-minuto"],"_links":{"self":[{"href":"https:\/\/ermdigital.com\/index.php\/wp-json\/wp\/v2\/posts\/25626","targetHints":{"allow":["GET"]}}],"collection":[{"href":"https:\/\/ermdigital.com\/index.php\/wp-json\/wp\/v2\/posts"}],"about":[{"href":"https:\/\/ermdigital.com\/index.php\/wp-json\/wp\/v2\/types\/post"}],"author":[{"embeddable":true,"href":"https:\/\/ermdigital.com\/index.php\/wp-json\/wp\/v2\/users\/1"}],"replies":[{"embeddable":true,"href":"https:\/\/ermdigital.com\/index.php\/wp-json\/wp\/v2\/comments?post=25626"}],"version-history":[{"count":0,"href":"https:\/\/ermdigital.com\/index.php\/wp-json\/wp\/v2\/posts\/25626\/revisions"}],"wp:featuredmedia":[{"embeddable":true,"href":"https:\/\/ermdigital.com\/index.php\/wp-json\/wp\/v2\/media\/25627"}],"wp:attachment":[{"href":"https:\/\/ermdigital.com\/index.php\/wp-json\/wp\/v2\/media?parent=25626"}],"wp:term":[{"taxonomy":"category","embeddable":true,"href":"https:\/\/ermdigital.com\/index.php\/wp-json\/wp\/v2\/categories?post=25626"},{"taxonomy":"post_tag","embeddable":true,"href":"https:\/\/ermdigital.com\/index.php\/wp-json\/wp\/v2\/tags?post=25626"}],"curies":[{"name":"wp","href":"https:\/\/api.w.org\/{rel}","templated":true}]}}