{"id":25624,"date":"2026-04-28T14:38:29","date_gmt":"2026-04-28T18:38:29","guid":{"rendered":"https:\/\/ermdigital.com\/index.php\/2026\/04\/28\/policia-activa-busqueda-de-yefry-y-gordo-baba-por-homicidios-en-santiago-y-les-insta-a-entregarse\/"},"modified":"2026-04-28T14:38:29","modified_gmt":"2026-04-28T18:38:29","slug":"policia-activa-busqueda-de-yefry-y-gordo-baba-por-homicidios-en-santiago-y-les-insta-a-entregarse","status":"publish","type":"post","link":"https:\/\/ermdigital.com\/index.php\/2026\/04\/28\/policia-activa-busqueda-de-yefry-y-gordo-baba-por-homicidios-en-santiago-y-les-insta-a-entregarse\/","title":{"rendered":"Polic\u00eda activa b\u00fasqueda de \u201cYefry\u201d y \u201cGordo Baba\u201d por homicidios en Santiago y les insta a entregarse"},"content":{"rendered":"<p><strong><em>Santiago.-<\/em><\/strong> La Polic\u00eda Nacional (<a href=\"https:\/\/www.policianacional.gob.do\/\" target=\"_blank\" rel=\"noopener\">PN<\/a>) mantiene activa la localizaci\u00f3n de dos hombres se\u00f1alados como presuntos responsables de homicidios registrados en distintos sectores de esta ciudad durante marzo de 2026, al tiempo que les exhorta a entregarse voluntariamente por la v\u00eda que consideren pertinente.<\/p>\n<p>Los buscados son Yelfri Salvador Garc\u00eda, alias \u201cYefry\u201d, de 36 a\u00f1os, y Raimi de Jes\u00fas Brito Parra, conocido como \u201cGordo Baba\u201d, de 27, contra quienes pesan \u00f3rdenes de arresto por su presunta implicaci\u00f3n en hechos que dejaron varias v\u00edctimas mortales y personas heridas.<\/p>\n<h3 class=\"wp-block-heading\"><strong>Leer m\u00e1s: <a href=\"https:\/\/deultimominuto.net\/nacionales\/policia-desmantela-banda-sde-2\/\" data-type=\"post\" data-id=\"643778\">Polic\u00eda Nacional desmantela presunta banda de atracadores que operaba en SDE<\/a><\/strong><\/h3>\n<p>De acuerdo con el informe policial, \u201cYefry\u201d es requerido mediante la orden No. 2026-AJ0031909 por su vinculaci\u00f3n al homicidio de Adonis Domingo Abreu, ocurrido el 16 de marzo en el sector Altos de Rafey, en medio de un conflicto generado durante un juego de baloncesto. En ese incidente tambi\u00e9n result\u00f3 herido un adolescente, cuya identidad se omite por razones legales.<\/p>\n<figure class=\"wp-block-gallery has-nested-images columns-default is-cropped wp-block-gallery-1 is-layout-flex wp-block-gallery-is-layout-flex\">\n<figure class=\"wp-block-image size-large\"><img loading=\"lazy\" decoding=\"async\" width=\"738\" height=\"1024\" data-id=\"647350\" src=\"https:\/\/cdn.deultimominuto.net\/wp-content\/uploads\/2026\/04\/WhatsApp-Image-2026-04-28-at-2.07.47-PM-1-738x1024.jpeg\" alt=\"Polic\u00eda activa b\u00fasqueda de \u201cYefry\u201d y \u201cGordo Baba\u201d por homicidios en Santiago y les insta a entregarse - Noticias de hoy en Rep\u00fablica Dominicana | De \u00daltimo Minuto\" class=\"wp-image-647350\" title=\"Polic\u00eda activa b\u00fasqueda de \u201cYefry\u201d y \u201cGordo Baba\u201d por homicidios en Santiago y les insta a entregarse | 1 |\"><\/figure>\n<figure class=\"wp-block-image size-large\"><img loading=\"lazy\" decoding=\"async\" width=\"739\" height=\"1024\" data-id=\"647351\" src=\"https:\/\/cdn.deultimominuto.net\/wp-content\/uploads\/2026\/04\/WhatsApp-Image-2026-04-28-at-2.07.47-PM-739x1024.jpeg\" alt=\"Polic\u00eda activa b\u00fasqueda de \u201cYefry\u201d y \u201cGordo Baba\u201d por homicidios en Santiago y les insta a entregarse - Noticias de hoy en Rep\u00fablica Dominicana | De \u00daltimo Minuto\" class=\"wp-image-647351\" title=\"Polic\u00eda activa b\u00fasqueda de \u201cYefry\u201d y \u201cGordo Baba\u201d por homicidios en Santiago y les insta a entregarse | 2 |\"><\/figure>\n<\/figure>\n<p>En tanto, \u201cGordo Baba\u201d es buscado bajo la orden No. 2026-AJ0031524, acusado de participar en un doble homicidio ocurrido el 20 de marzo en la calle 14 del sector Fondo de la Botella, en Santiago Oeste (Cienfuegos). En el hecho fallecieron Albert Amauris L\u00f3pez, alias \u201cChapo\u201d, y Frailyn Manuel de Jes\u00fas Le\u00f3n, alias \u201cGordo\u201d, mientras que Juan Jos\u00e9 Garc\u00eda Ventura result\u00f3 herido.<\/p>\n<p>Las autoridades indicaron que este \u00faltimo caso estar\u00eda relacionado con viejas rencillas vinculadas a la venta y distribuci\u00f3n de sustancias controladas.<\/p>\n<p>La Polic\u00eda Nacional asegur\u00f3 que mantiene operativos de b\u00fasqueda activos para dar con el paradero de ambos individuos y reiter\u00f3 su compromiso con la seguridad ciudadana, al tiempo que pidi\u00f3 a la poblaci\u00f3n colaborar con informaci\u00f3n que contribuya a su captura, garantizando confidencialidad a trav\u00e9s de los canales oficiales.<\/p>\n<p>\u200bSantiago.- La Polic\u00eda Nacional (PN) mantiene activa la localizaci\u00f3n de dos hombres se\u00f1alados como presuntos responsables de homicidios registrados en distintos sectores de esta ciudad durante marzo de 2026, al tiempo que les exhorta a entregarse voluntariamente por la v\u00eda que consideren pertinente. Los buscados son Yelfri Salvador Garc\u00eda, alias \u201cYefry\u201d, de 36 a\u00f1os, y\u00a0\u00a0Nacionales, Deultimominuto, ElPeri\u00f3dicodelaVerdad, Gordo Baba, homicidios, Polic\u00eda Nacional, Rep\u00fablica Dominicana\u00a0\u00a0<\/p>\n","protected":false},"excerpt":{"rendered":"<p>Santiago.- La Polic\u00eda Nacional (PN) mantiene activa la localizaci\u00f3n de dos hombres se\u00f1alados como presuntos responsables de homicidios registrados en distintos sectores de esta ciudad durante marzo de 2026, al tiempo que les exhorta a entregarse voluntariamente por la v\u00eda que consideren pertinente. Los buscados son Yelfri Salvador Garc\u00eda, alias \u201cYefry\u201d, de 36 a\u00f1os, y [&hellip;]<\/p>\n","protected":false},"author":1,"featured_media":25625,"comment_status":"open","ping_status":"open","sticky":false,"template":"","format":"standard","meta":{"amp_status":"","footnotes":""},"categories":[3],"tags":[],"class_list":["post-25624","post","type-post","status-publish","format-standard","has-post-thumbnail","hentry","category-de-ultimo-minuto"],"_links":{"self":[{"href":"https:\/\/ermdigital.com\/index.php\/wp-json\/wp\/v2\/posts\/25624","targetHints":{"allow":["GET"]}}],"collection":[{"href":"https:\/\/ermdigital.com\/index.php\/wp-json\/wp\/v2\/posts"}],"about":[{"href":"https:\/\/ermdigital.com\/index.php\/wp-json\/wp\/v2\/types\/post"}],"author":[{"embeddable":true,"href":"https:\/\/ermdigital.com\/index.php\/wp-json\/wp\/v2\/users\/1"}],"replies":[{"embeddable":true,"href":"https:\/\/ermdigital.com\/index.php\/wp-json\/wp\/v2\/comments?post=25624"}],"version-history":[{"count":0,"href":"https:\/\/ermdigital.com\/index.php\/wp-json\/wp\/v2\/posts\/25624\/revisions"}],"wp:featuredmedia":[{"embeddable":true,"href":"https:\/\/ermdigital.com\/index.php\/wp-json\/wp\/v2\/media\/25625"}],"wp:attachment":[{"href":"https:\/\/ermdigital.com\/index.php\/wp-json\/wp\/v2\/media?parent=25624"}],"wp:term":[{"taxonomy":"category","embeddable":true,"href":"https:\/\/ermdigital.com\/index.php\/wp-json\/wp\/v2\/categories?post=25624"},{"taxonomy":"post_tag","embeddable":true,"href":"https:\/\/ermdigital.com\/index.php\/wp-json\/wp\/v2\/tags?post=25624"}],"curies":[{"name":"wp","href":"https:\/\/api.w.org\/{rel}","templated":true}]}}