{"id":25622,"date":"2026-04-28T14:43:23","date_gmt":"2026-04-28T18:43:23","guid":{"rendered":"https:\/\/ermdigital.com\/index.php\/2026\/04\/28\/joel-santos-balance-entre-medio-ambiente-e-impacto-economico-debe-guiar-mineria-de-rd\/"},"modified":"2026-04-28T14:43:23","modified_gmt":"2026-04-28T18:43:23","slug":"joel-santos-balance-entre-medio-ambiente-e-impacto-economico-debe-guiar-mineria-de-rd","status":"publish","type":"post","link":"https:\/\/ermdigital.com\/index.php\/2026\/04\/28\/joel-santos-balance-entre-medio-ambiente-e-impacto-economico-debe-guiar-mineria-de-rd\/","title":{"rendered":"Joel Santos: balance entre medio ambiente e impacto econ\u00f3mico debe guiar miner\u00eda de RD"},"content":{"rendered":"<p><strong>Santo Domingo.-<\/strong> El <strong>ministro de Energ\u00eda y Minas<\/strong>, <strong><a href=\"https:\/\/mem.gob.do\/nosotros\/despacho-del-ministro\/\" data-type=\"link\" data-id=\"https:\/\/mem.gob.do\/nosotros\/despacho-del-ministro\/\" target=\"_blank\" rel=\"noopener\">Joel Santos<\/a><\/strong>, afirm\u00f3 este martes que <strong>el futuro de la miner\u00eda en el pa\u00eds debe definirse a partir de un balance real entre la protecci\u00f3n ambiental y el desarrollo econ\u00f3mico<\/strong>, al advertir que <strong>cualquier decisi\u00f3n sobre proyectos tiene que estar sustentarse en evidencia cient\u00edfica<\/strong>, el respeto al debido proceso y un di\u00e1logo transparente con las comunidades.<\/p>\n<p>Precis\u00f3, adem\u00e1s, que el debate sobre el <strong><a href=\"https:\/\/deultimominuto.net\/tv\/se-van-rechazan-explotacion-minera-en-san-juan-y-apoyan-huelga\/\" data-type=\"link\" data-id=\"https:\/\/deultimominuto.net\/tv\/se-van-rechazan-explotacion-minera-en-san-juan-y-apoyan-huelga\/\">desarrollo minero en San Juan<\/a> de la Maguana <\/strong>se centra en la ecuaci\u00f3n de garantizar el crecimiento econ\u00f3mico sin comprometer los recursos naturales ni la estabilidad social de las comunidades.<\/p>\n<p>Santos sostuvo que cualquier decisi\u00f3n deber\u00e1 estar sustentada en criterios t\u00e9cnicos y en el respeto estricto del debido proceso, tras explicar que en la actualidad se desarrolla un Estudio de Impacto Ambiental conforme a los lineamientos del Ministerio de Medio Ambiente y Recursos Naturales, elaborado por especialistas internacionales.<\/p>\n<blockquote class=\"wp-block-quote is-layout-flow wp-block-quote-is-layout-flow\">\n<p>\u201cEn Rep\u00fablica Dominicana las decisiones no pueden basarse en rumores. Se construyen con evidencia, con institucionalidad y con di\u00e1logo directo con la gente\u201d, precis\u00f3.<\/p>\n<\/blockquote>\n<p>El titular de Energ\u00eda y Minas<strong> insisti\u00f3 en que el desarrollo minero sostenible no es incompatible con la protecci\u00f3n ambiental,<\/strong> pero recalc\u00f3 que la clave est\u00e1 en el balance. \u201cNo se trata de elegir entre econom\u00eda o medio ambiente, sino, de garantizar que ambos convivan bajo reglas claras y supervisi\u00f3n t\u00e9cnica rigurosa\u201d, indic\u00f3.<\/p>\n<p><strong>Te puede interesar: <\/strong><a href=\"https:\/\/deultimominuto.net\/uncategorized\/cordillera-septentrional-2\/\" data-type=\"link\" data-id=\"https:\/\/deultimominuto.net\/uncategorized\/cordillera-septentrional-2\/\">Joel Santos reitera ante comunitarios que no planean explotar la Cordillera Septentrional<\/a><\/p>\n<p>En ese contexto, reafirm\u00f3 que el rol del Gobierno no es promover proyectos a cualquier costo, sino actuar como garante del inter\u00e9s nacional. \u201cEn una provincia con fuerte vocaci\u00f3n agr\u00edcola como San Juan, el enfoque debe ser responsable, respetando su identidad productiva y protegiendo sus recursos h\u00eddricos y suelos\u201d, sostuvo.<\/p>\n<p>Santos agreg\u00f3 que la miner\u00eda mantiene niveles salariales competitivos, genera encadenamientos productivos relevantes y posee un car\u00e1cter contrac\u00edclico que le permite sostener su aporte, incluso, en contextos internacionales complejos, contribuyendo a la estabilidad econ\u00f3mica nacional.<\/p>\n<p>Tambi\u00e9n destac\u00f3 el peso del sector en la econom\u00eda dominicana. Inform\u00f3 que la miner\u00eda registr\u00f3 un crecimiento de 7.7 % durante el primer trimestre de 2026, posicion\u00e1ndose como la actividad de mayor dinamismo, en un contexto donde la econom\u00eda nacional acumul\u00f3 una expansi\u00f3n de 4.1 %, seg\u00fan el Indicador Mensual de Actividad Econ\u00f3mica (IMAE) del Banco Central.<\/p>\n<p>Explic\u00f3 que ese desempe\u00f1o estuvo impulsado por mayores vol\u00famenes de extracci\u00f3n de oro, plata y materiales de construcci\u00f3n, consolidando a la miner\u00eda como uno de los principales pilares exportadores del pa\u00eds. Record\u00f3 que en 2025 las exportaciones mineras superaron los US$2,500 millones, con el oro como principal producto.<\/p>\n<p>Asimismo, subray\u00f3 el impacto fiscal del sector, cuyos aportes alcanzaron aproximadamente RD$45,000 millones el pasado a\u00f1o, fortaleciendo las finanzas p\u00fablicas y respaldando la inversi\u00f3n social del Estado.<\/p>\n<p>Como parte de la visi\u00f3n de futuro, el ministro anunci\u00f3 que el Gobierno impulsa un proyecto de ley orientado a la modernizaci\u00f3n del sector minero, que abarcar\u00e1 aspectos clave como la relaci\u00f3n con las comunidades, el r\u00e9gimen fiscal y el fortalecimiento de las normativas ambientales.<\/p>\n<p>\u201cEl objetivo es construir un marco m\u00e1s moderno, transparente y equilibrado, donde el desarrollo econ\u00f3mico avance sin comprometer el bienestar de la gente ni los recursos del pa\u00eds\u201d, concluy\u00f3.<\/p>\n<p>\u200bSanto Domingo.- El ministro de Energ\u00eda y Minas, Joel Santos, afirm\u00f3 este martes que el futuro de la miner\u00eda en el pa\u00eds debe definirse a partir de un balance real entre la protecci\u00f3n ambiental y el desarrollo econ\u00f3mico, al advertir que cualquier decisi\u00f3n sobre proyectos tiene que estar sustentarse en evidencia cient\u00edfica, el respeto al\u00a0\u00a0Econom\u00eda, Joel Santos, Miner\u00eda\u00a0\u00a0<\/p>\n","protected":false},"excerpt":{"rendered":"<p>Santo Domingo.- El ministro de Energ\u00eda y Minas, Joel Santos, afirm\u00f3 este martes que el futuro de la miner\u00eda en el pa\u00eds debe definirse a partir de un balance real entre la protecci\u00f3n ambiental y el desarrollo econ\u00f3mico, al advertir que cualquier decisi\u00f3n sobre proyectos tiene que estar sustentarse en evidencia cient\u00edfica, el respeto al [&hellip;]<\/p>\n","protected":false},"author":1,"featured_media":25623,"comment_status":"open","ping_status":"open","sticky":false,"template":"","format":"standard","meta":{"amp_status":"","footnotes":""},"categories":[3],"tags":[],"class_list":["post-25622","post","type-post","status-publish","format-standard","has-post-thumbnail","hentry","category-de-ultimo-minuto"],"_links":{"self":[{"href":"https:\/\/ermdigital.com\/index.php\/wp-json\/wp\/v2\/posts\/25622","targetHints":{"allow":["GET"]}}],"collection":[{"href":"https:\/\/ermdigital.com\/index.php\/wp-json\/wp\/v2\/posts"}],"about":[{"href":"https:\/\/ermdigital.com\/index.php\/wp-json\/wp\/v2\/types\/post"}],"author":[{"embeddable":true,"href":"https:\/\/ermdigital.com\/index.php\/wp-json\/wp\/v2\/users\/1"}],"replies":[{"embeddable":true,"href":"https:\/\/ermdigital.com\/index.php\/wp-json\/wp\/v2\/comments?post=25622"}],"version-history":[{"count":0,"href":"https:\/\/ermdigital.com\/index.php\/wp-json\/wp\/v2\/posts\/25622\/revisions"}],"wp:featuredmedia":[{"embeddable":true,"href":"https:\/\/ermdigital.com\/index.php\/wp-json\/wp\/v2\/media\/25623"}],"wp:attachment":[{"href":"https:\/\/ermdigital.com\/index.php\/wp-json\/wp\/v2\/media?parent=25622"}],"wp:term":[{"taxonomy":"category","embeddable":true,"href":"https:\/\/ermdigital.com\/index.php\/wp-json\/wp\/v2\/categories?post=25622"},{"taxonomy":"post_tag","embeddable":true,"href":"https:\/\/ermdigital.com\/index.php\/wp-json\/wp\/v2\/tags?post=25622"}],"curies":[{"name":"wp","href":"https:\/\/api.w.org\/{rel}","templated":true}]}}