{"id":25618,"date":"2026-04-28T14:51:25","date_gmt":"2026-04-28T18:51:25","guid":{"rendered":"https:\/\/ermdigital.com\/index.php\/2026\/04\/28\/sns-refuerza-supervision-para-elevar-la-calidad-en-hospitales-publicos\/"},"modified":"2026-04-28T14:51:25","modified_gmt":"2026-04-28T18:51:25","slug":"sns-refuerza-supervision-para-elevar-la-calidad-en-hospitales-publicos","status":"publish","type":"post","link":"https:\/\/ermdigital.com\/index.php\/2026\/04\/28\/sns-refuerza-supervision-para-elevar-la-calidad-en-hospitales-publicos\/","title":{"rendered":"SNS refuerza supervisi\u00f3n para elevar la calidad en hospitales p\u00fablicos"},"content":{"rendered":"<p><span class=\"field field--name-title field--type-string field--label-hidden\">SNS refuerza supervisi\u00f3n para elevar la calidad en hospitales p\u00fablicos<\/span><br \/>\n<span class=\"field field--name-uid field--type-entity-reference field--label-hidden\"><span>yamellrossi<\/span><\/span><br \/>\n<span class=\"field field--name-created field--type-created field--label-hidden\"><time datetime=\"2026-04-28T14:51:25-04:00\" title=\"Martes, Abril 28, 2026 - 14:51\" class=\"datetime\">28 de  Abril 2026 | 14:51<\/time><br \/>\n<\/span><\/p>\n<div class=\"clearfix text-formatted field field--name-body field--type-text-with-summary field--label-hidden field__item\">\n<p dir=\"ltr\"><span>Santo Domingo Norte.\u2013 Como parte de su enfoque en la\u00a0<\/span><strong>mejora permanente<\/strong><span> de la\u00a0<\/span><strong>calidad de la atenci\u00f3n en la Red P\u00fablica<\/strong><span>, el director ejecutivo del Servicio Nacional de Salud (SNS), doctor\u00a0<\/span><strong>Julio C\u00e9sar Landr\u00f3n<\/strong><span>, realiz\u00f3 una\u00a0<\/span><strong>visita no coordinada<\/strong><span> al\u00a0<\/span><strong>Hospital General y de Especialidades Dr. Mario Tolentino Dipp<\/strong><span>, donde supervis\u00f3 de primera mano el funcionamiento de\u00a0<\/span><strong>los servicios y las condiciones<\/strong><span> en que son atendidos los usuarios.<\/span><\/p>\n<p dir=\"ltr\"><span>Durante el recorrido del titular del SNS, se integr\u00f3 el doctor\u00a0<\/span><strong>Miguel \u00c1ngel Guzm\u00e1n Ferm\u00edn<\/strong><span>, director del centro, con quien observ\u00f3 la\u00a0<\/span><strong>operatividad de los servicios y la din\u00e1mica de atenci\u00f3n.<\/strong><\/p>\n<p dir=\"ltr\"><span>La supervisi\u00f3n incluy\u00f3 las \u00e1reas de Emergencia, Consulta, Internamiento, Cirug\u00eda, Unidad de Cuidados Intensivos (UCI), Salud Mental, Laboratorio, as\u00ed como los servicios de im\u00e1genes diagn\u00f3sticas, lo que permiti\u00f3 constatar el\u00a0<\/span><strong>flujo de pacientes<\/strong><span>, la disponibilidad de\u00a0<\/span><strong>recursos<\/strong><span> y la capacidad de\u00a0<\/span><strong>respuesta<\/strong><span> del personal de salud ante la demanda de servicios.<\/span><\/p>\n<p><img decoding=\"async\" data-entity-uuid=\"f97c0734-0004-489b-ade6-87bf791b0689\" data-entity-type=\"file\" src=\"https:\/\/www.presidencia.gob.do\/sites\/default\/files\/inline-images\/1000340624.jpg\" width=\"4160\" height=\"2773\" loading=\"lazy\">\n<\/p>\n<p dir=\"ltr\">\u00a0<\/p>\n<p dir=\"ltr\"><span>Este tipo de supervisi\u00f3n no coordinada forma parte de las\u00a0<\/span><strong>acciones de seguimiento<\/strong><span> que desarrolla la actual gesti\u00f3n del SNS, orientadas a fortalecer el\u00a0<\/span><strong>monitoreo continuo<\/strong><span> de los establecimientos de salud y promover la mejora permanente de la calidad de la atenci\u00f3n en la Red P\u00fablica.<\/span><\/p>\n<p dir=\"ltr\"><span>Durante la visita, Landr\u00f3n sostuvo\u00a0<\/span><strong>intercambios con usuarios y colaboradores del centro,<\/strong><span> a fin de conocer de primera mano sus experiencias y percepciones sobre la atenci\u00f3n recibida, como\u00a0<\/span><strong>insumo para la toma de decisiones.<\/strong><\/p>\n<p dir=\"ltr\"><span>Como resultado del recorrido, el doctor Landr\u00f3n se puso a disposici\u00f3n para colaborar en todo lo necesario, especialmente en el fortalecimiento de la organizaci\u00f3n y optimizaci\u00f3n de los procesos internos del establecimiento de salud,\u00a0<\/span><strong>inaugurado por el presidente Luis Abinader<\/strong><span>, a quien agradeci\u00f3 por el\u00a0<\/span><strong>respaldo sostenido al fortalecimiento del sistema sanitario.<\/strong><\/p>\n<p dir=\"ltr\"><span>El titular del SNS destac\u00f3 que el Hospital Mario Tolentino Dipp cuenta con\u00a0<\/span><strong>condiciones cl\u00ednicas y quir\u00fargicas\u00a0<\/strong><span>que lo colocan\u00a0<\/span><strong>a la altura de centros de referencia en la regi\u00f3n.<\/strong><span> Resalt\u00f3 adem\u00e1s su capacidad tecnol\u00f3gica, al asegurar que dispone de\u00a0<\/span><strong>uno de los mejores equipos de resonancia magn\u00e9tica y tomograf\u00eda del pa\u00eds<\/strong><span>, lo que fortalece significativamente la asistencia cl\u00ednico-quir\u00fargica que se ofrece a la poblaci\u00f3n.<\/span><\/p>\n<p dir=\"ltr\"><span>Asimismo, junto con la direcci\u00f3n del hospital, instruy\u00f3 para la ampliaci\u00f3n de los servicios con la habilitaci\u00f3n de una\u00a0<\/span><strong>nueva \u00e1rea de Gastroenterolog\u00eda<\/strong><span>, como parte de las acciones encaminadas a seguir fortaleciendo la cartera de servicios del centro.<\/span><\/p>\n<p dir=\"ltr\"><span>Landr\u00f3n\u00a0<\/span><strong>felicit\u00f3<\/strong><span> al personal m\u00e9dico, de enfermer\u00eda y administrativo\u00a0<\/span><strong>por su compromiso y la labor diaria<\/strong><span> en favor de la poblaci\u00f3n usuaria.<\/span><\/p>\n<p dir=\"ltr\"><em>\u201cEstas visitas nos permiten observar directamente la realidad de los servicios y continuar impulsando mejoras que impacten de manera positiva a los pacientes\u201d,<\/em><span> expres\u00f3.<\/span><\/p>\n<p><span>El funcionario reiter\u00f3 que\u00a0<\/span><strong>estas acciones de supervisi\u00f3n continuar\u00e1n realiz\u00e1ndose<\/strong><span> en distintos centros de la Red P\u00fablica de Servicios de Salud, como parte del compromiso institucional con\u00a0<\/span><strong>la calidad, la eficiencia y la humanizaci\u00f3n de la atenci\u00f3n.<\/strong><\/p>\n<\/div>\n<div class=\"field field--name-field-image field--type-image field--label-hidden field__item\">  <img decoding=\"async\" loading=\"lazy\" src=\"https:\/\/www.presidencia.gob.do\/sites\/default\/files\/news\/2026-04\/1000340625.jpg\" width=\"4160\" height=\"2773\" alt=\"Salud\"><\/p>\n<\/div>\n<p>\u00a0SNS refuerza supervisi\u00f3n para elevar la calidad en hospitales p\u00fablicos<br \/>\nyamellrossi<br \/>\n28 de  Abril 2026 | 14:51<\/p>\n<p>            Santo Domingo Norte.\u2013 Como parte de su enfoque en la\u00a0mejora permanente de la\u00a0calidad de la atenci\u00f3n en la Red P\u00fablica, el director ejecutivo del Servicio Nacional de Salud (SNS), doctor\u00a0Julio C\u00e9sar Landr\u00f3n, realiz\u00f3 una\u00a0visita no coordinada al\u00a0Hospital General y de Especialidades Dr. Mario Tolentino Dipp, donde supervis\u00f3 de primera mano el funcionamiento de\u00a0los servicios y las condiciones en que son atendidos los usuarios.<br \/>\nDurante el recorrido del titular del SNS, se integr\u00f3 el doctor\u00a0Miguel \u00c1ngel Guzm\u00e1n Ferm\u00edn, director del centro, con quien observ\u00f3 la\u00a0operatividad de los servicios y la din\u00e1mica de atenci\u00f3n.<br \/>\nLa supervisi\u00f3n incluy\u00f3 las \u00e1reas de Emergencia, Consulta, Internamiento, Cirug\u00eda, Unidad de Cuidados Intensivos (UCI), Salud Mental, Laboratorio, as\u00ed como los servicios de im\u00e1genes diagn\u00f3sticas, lo que permiti\u00f3 constatar el\u00a0flujo de pacientes, la disponibilidad de\u00a0recursos y la capacidad de\u00a0respuesta del personal de salud ante la demanda de servicios.<\/p>\n<p>\u00a0<br \/>\nEste tipo de supervisi\u00f3n no coordinada forma parte de las\u00a0acciones de seguimiento que desarrolla la actual gesti\u00f3n del SNS, orientadas a fortalecer el\u00a0monitoreo continuo de los establecimientos de salud y promover la mejora permanente de la calidad de la atenci\u00f3n en la Red P\u00fablica.<br \/>\nDurante la visita, Landr\u00f3n sostuvo\u00a0intercambios con usuarios y colaboradores del centro, a fin de conocer de primera mano sus experiencias y percepciones sobre la atenci\u00f3n recibida, como\u00a0insumo para la toma de decisiones.<br \/>\nComo resultado del recorrido, el doctor Landr\u00f3n se puso a disposici\u00f3n para colaborar en todo lo necesario, especialmente en el fortalecimiento de la organizaci\u00f3n y optimizaci\u00f3n de los procesos internos del establecimiento de salud,\u00a0inaugurado por el presidente Luis Abinader, a quien agradeci\u00f3 por el\u00a0respaldo sostenido al fortalecimiento del sistema sanitario.<br \/>\nEl titular del SNS destac\u00f3 que el Hospital Mario Tolentino Dipp cuenta con\u00a0condiciones cl\u00ednicas y quir\u00fargicas\u00a0que lo colocan\u00a0a la altura de centros de referencia en la regi\u00f3n. Resalt\u00f3 adem\u00e1s su capacidad tecnol\u00f3gica, al asegurar que dispone de\u00a0uno de los mejores equipos de resonancia magn\u00e9tica y tomograf\u00eda del pa\u00eds, lo que fortalece significativamente la asistencia cl\u00ednico-quir\u00fargica que se ofrece a la poblaci\u00f3n.<br \/>\nAsimismo, junto con la direcci\u00f3n del hospital, instruy\u00f3 para la ampliaci\u00f3n de los servicios con la habilitaci\u00f3n de una\u00a0nueva \u00e1rea de Gastroenterolog\u00eda, como parte de las acciones encaminadas a seguir fortaleciendo la cartera de servicios del centro.<br \/>\nLandr\u00f3n\u00a0felicit\u00f3 al personal m\u00e9dico, de enfermer\u00eda y administrativo\u00a0por su compromiso y la labor diaria en favor de la poblaci\u00f3n usuaria.<br \/>\n\u201cEstas visitas nos permiten observar directamente la realidad de los servicios y continuar impulsando mejoras que impacten de manera positiva a los pacientes\u201d, expres\u00f3.<br \/>\nEl funcionario reiter\u00f3 que\u00a0estas acciones de supervisi\u00f3n continuar\u00e1n realiz\u00e1ndose en distintos centros de la Red P\u00fablica de Servicios de Salud, como parte del compromiso institucional con\u00a0la calidad, la eficiencia y la humanizaci\u00f3n de la atenci\u00f3n.\u00a0\u00a0\u00a0<\/p>\n","protected":false},"excerpt":{"rendered":"<p>SNS refuerza supervisi\u00f3n para elevar la calidad en hospitales p\u00fablicos yamellrossi 28 de Abril 2026 | 14:51 Santo Domingo Norte.\u2013 Como parte de su enfoque en la\u00a0mejora permanente de la\u00a0calidad de la atenci\u00f3n en la Red P\u00fablica, el director ejecutivo del Servicio Nacional de Salud (SNS), doctor\u00a0Julio C\u00e9sar Landr\u00f3n, realiz\u00f3 una\u00a0visita no coordinada al\u00a0Hospital General [&hellip;]<\/p>\n","protected":false},"author":1,"featured_media":25619,"comment_status":"open","ping_status":"open","sticky":false,"template":"","format":"standard","meta":{"amp_status":"","footnotes":""},"categories":[8],"tags":[],"class_list":["post-25618","post","type-post","status-publish","format-standard","has-post-thumbnail","hentry","category-republica"],"_links":{"self":[{"href":"https:\/\/ermdigital.com\/index.php\/wp-json\/wp\/v2\/posts\/25618","targetHints":{"allow":["GET"]}}],"collection":[{"href":"https:\/\/ermdigital.com\/index.php\/wp-json\/wp\/v2\/posts"}],"about":[{"href":"https:\/\/ermdigital.com\/index.php\/wp-json\/wp\/v2\/types\/post"}],"author":[{"embeddable":true,"href":"https:\/\/ermdigital.com\/index.php\/wp-json\/wp\/v2\/users\/1"}],"replies":[{"embeddable":true,"href":"https:\/\/ermdigital.com\/index.php\/wp-json\/wp\/v2\/comments?post=25618"}],"version-history":[{"count":0,"href":"https:\/\/ermdigital.com\/index.php\/wp-json\/wp\/v2\/posts\/25618\/revisions"}],"wp:featuredmedia":[{"embeddable":true,"href":"https:\/\/ermdigital.com\/index.php\/wp-json\/wp\/v2\/media\/25619"}],"wp:attachment":[{"href":"https:\/\/ermdigital.com\/index.php\/wp-json\/wp\/v2\/media?parent=25618"}],"wp:term":[{"taxonomy":"category","embeddable":true,"href":"https:\/\/ermdigital.com\/index.php\/wp-json\/wp\/v2\/categories?post=25618"},{"taxonomy":"post_tag","embeddable":true,"href":"https:\/\/ermdigital.com\/index.php\/wp-json\/wp\/v2\/tags?post=25618"}],"curies":[{"name":"wp","href":"https:\/\/api.w.org\/{rel}","templated":true}]}}